{"id":933,"date":"2016-12-15T10:12:35","date_gmt":"2016-12-15T10:12:35","guid":{"rendered":"http:\/\/www.jks.hu\/?p=933"},"modified":"2016-12-15T10:13:45","modified_gmt":"2016-12-15T10:13:45","slug":"boldog-karacsonyt-hirek","status":"publish","type":"post","link":"https:\/\/www.jks.hu\/?p=933","title":{"rendered":"Boldog Kar\u00e1csonyt &#8211; H\u00edrek"},"content":{"rendered":"<p>Minden kedves bar\u00e1tunknak \u00e9s persze minden karat\u00e9t gyakorl\u00f3nak Boldog Kar\u00e1csonyt \u00e9s sokkal boldogabb \u00e9s eredm\u00e9nyeseb \u00faj \u00e9vet k\u00edv\u00e1nunk.<\/p>\n<hr \/>\n<p>&nbsp;<\/p>\n<p>H\u00edrek\u00a0\u00dcnnepek mell\u00e9:<\/p>\n<ul>\n<li>2017-t\u0151l nagy v\u00e1ltoz\u00e1sok v\u00e1rhat\u00f3ak a JKS magyarorsz\u00e1g vezet\u00e9s\u00e9ben \u00e9s m\u0171k\u00f6d\u00e9s\u00e9ben. 5 \u00e9ves &#8222;alapoz\u00e1st&#8221; k\u00f6vet\u0151en magasabb szintre emelked\u00fcnk a szakmai munka \u00e9s egy\u00e9b lehet\u0151s\u00e9gek tekintet\u00e9ben. Tov\u00e1bbi r\u00e9szletek a v\u00e1rhat\u00f3an janu\u00e1r v\u00e9gi k\u00f6zgy\u0171l\u00e9st k\u00f6vet\u0151en.<\/li>\n<li>A 2017-es nagy szakmai edz\u0151t\u00e1borunk Kagawa Shihan vezet\u00e9s\u00e9vel m\u00e1jusban v\u00e1rhat\u00f3 &#8211; egyeztet\u00e9s alatt, r\u00e9szletek k\u00e9s\u0151bb.<\/li>\n<li>A j\u00f6v\u0151 avi JKS Eur\u00f3pabajnoks\u00e1gnag Hasselt (Belgium) v\u00e1ros\u00e1ban ker\u00fcl megrendez\u00e9sre v\u00e1rhat\u00f3an szeptember els\u0151 napjaiban.<\/li>\n<\/ul>\n<p>&nbsp;<\/p>\n","protected":false},"excerpt":{"rendered":"<p>Minden kedves bar\u00e1tunknak \u00e9s persze minden karat\u00e9t gyakorl\u00f3nak Boldog Kar\u00e1csonyt \u00e9s sokkal boldogabb \u00e9s eredm\u00e9nyeseb \u00faj \u00e9vet k\u00edv\u00e1nunk. &nbsp; H\u00edrek\u00a0\u00dcnnepek mell\u00e9: 2017-t\u0151l nagy v\u00e1ltoz\u00e1sok v\u00e1rhat\u00f3ak a JKS magyarorsz\u00e1g vezet\u00e9s\u00e9ben \u00e9s m\u0171k\u00f6d\u00e9s\u00e9ben. 5 \u00e9ves &#8222;alapoz\u00e1st&#8221; k\u00f6vet\u0151en magasabb szintre emelked\u00fcnk a szakmai munka \u00e9s egy\u00e9b lehet\u0151s\u00e9gek tekintet\u00e9ben. Tov\u00e1bbi r\u00e9szletek a v\u00e1rhat\u00f3an janu\u00e1r v\u00e9gi k\u00f6zgy\u0171l\u00e9st k\u00f6vet\u0151en. A 2017-es &hellip; <a href=\"https:\/\/www.jks.hu\/?p=933\" class=\"more-link\"><span class=\"screen-reader-text\">Boldog Kar\u00e1csonyt &#8211; H\u00edrek<\/span> b\u0151vebben&#8230; <span class=\"meta-nav\">&rarr;<\/span><\/a><\/p>\n","protected":false},"author":1,"featured_media":934,"comment_status":"closed","ping_status":"closed","sticky":false,"template":"","format":"standard","meta":{"footnotes":""},"categories":[1],"tags":[],"class_list":["post-933","post","type-post","status-publish","format-standard","has-post-thumbnail","hentry","category-nincs-kategorizalva"],"_links":{"self":[{"href":"https:\/\/www.jks.hu\/index.php?rest_route=\/wp\/v2\/posts\/933","targetHints":{"allow":["GET"]}}],"collection":[{"href":"https:\/\/www.jks.hu\/index.php?rest_route=\/wp\/v2\/posts"}],"about":[{"href":"https:\/\/www.jks.hu\/index.php?rest_route=\/wp\/v2\/types\/post"}],"author":[{"embeddable":true,"href":"https:\/\/www.jks.hu\/index.php?rest_route=\/wp\/v2\/users\/1"}],"replies":[{"embeddable":true,"href":"https:\/\/www.jks.hu\/index.php?rest_route=%2Fwp%2Fv2%2Fcomments&post=933"}],"version-history":[{"count":3,"href":"https:\/\/www.jks.hu\/index.php?rest_route=\/wp\/v2\/posts\/933\/revisions"}],"predecessor-version":[{"id":937,"href":"https:\/\/www.jks.hu\/index.php?rest_route=\/wp\/v2\/posts\/933\/revisions\/937"}],"wp:featuredmedia":[{"embeddable":true,"href":"https:\/\/www.jks.hu\/index.php?rest_route=\/wp\/v2\/media\/934"}],"wp:attachment":[{"href":"https:\/\/www.jks.hu\/index.php?rest_route=%2Fwp%2Fv2%2Fmedia&parent=933"}],"wp:term":[{"taxonomy":"category","embeddable":true,"href":"https:\/\/www.jks.hu\/index.php?rest_route=%2Fwp%2Fv2%2Fcategories&post=933"},{"taxonomy":"post_tag","embeddable":true,"href":"https:\/\/www.jks.hu\/index.php?rest_route=%2Fwp%2Fv2%2Ftags&post=933"}],"curies":[{"name":"wp","href":"https:\/\/api.w.org\/{rel}","templated":true}]}}