{"id":870,"date":"2015-08-31T13:36:20","date_gmt":"2015-08-31T13:36:20","guid":{"rendered":"http:\/\/www.jks.hu\/?p=870"},"modified":"2015-08-31T14:44:17","modified_gmt":"2015-08-31T14:44:17","slug":"takashi-yamaguchi-7-dan-edzotabor","status":"publish","type":"post","link":"https:\/\/www.jks.hu\/?p=870","title":{"rendered":"Takashi Yamaguchi \/7.dan\/ Edz\u0151t\u00e1bor"},"content":{"rendered":"<p>Minden Shotokan karate ir\u00e1nt \u00e9rdekl\u0151d\u0151t szeretettel v\u00e1runk edz\u0151t\u00e1borunkban\u2026<br \/>\nAz edz\u00e9seket vezeti: <b>Takashi Yamaguchi Sensei JKS 7.dan<\/b> &#8211; A Japan Karate Shoto Federation Technikai vezet\u0151 instruktora.<\/p>\n<p>2015. okt\u00f3ber 17. &#8211; \u00a0Budapest &#8211; Trefort Gimn\u00e1zium Tornaterme &#8211; t\u00e9rk\u00e9p :\u00a0<a href=\"https:\/\/goo.gl\/maps\/YYcet\" target=\"_blank\">https:\/\/goo.gl\/maps\/YYcet<\/a><br \/>\n17.00-18.00 kezd\u0151<br \/>\n18.00-19.30 halad\u00f3<\/p>\n<p>2015. okt\u00f3ber 18. &#8211; S\u00e1rbog\u00e1rd &#8211; M\u00e9sz\u00f6ly G\u00e9za \u00c1ltal\u00e1nos Iskola &#8211;<br \/>\nt\u00e9rk\u00e9p :<a href=\"https:\/\/goo.gl\/maps\/YJ4ec\" target=\"_blank\">\u00a0https:\/\/goo.gl\/maps\/YJ4ec<\/a><\/p>\n<p>9.30-10.30 kezd\u0151<br \/>\n10.30-12.00 halad\u00f3<\/p>\n<p>14.00-15.00 kezd\u0151<br \/>\n15.00-16.30 halad\u00f3<\/p>\n<p>Az edz\u00e9sek d\u00edja: kezd\u0151: 10 EUR\/edz\u00e9s, halad\u00f3 15 EUR\/edz\u00e9s &#8211; teljes edz\u0151t\u00e1bor 20 EUR\/f\u0151 kezd\u0151, 35 EUR\/f\u0151 halad\u00f3.<\/p>\n<p>Jelentkezni a rendezv\u00e9ny Facebook oldal\u00e1n (<a href=\"https:\/\/www.facebook.com\/events\/1628177684090083\/\" target=\"_blank\">ITT<\/a>), vagy e-mailben az office@jks.hu c\u00edmen lehet okt\u00f3ber 10.-ig.<em>\u00a0A budapesti helysz\u00ednen a terem m\u00e9retei miatt r\u00e9sztvev\u0151k sz\u00e1ma korl\u00e1tozott,\u00a0a helyeket a jelentkez\u00e9s sorrendj\u00e9ben t\u00f6ltj\u00fck fel.<\/em><\/p>\n<p><a href=\"http:\/\/www.jks.hu\/wp-content\/uploads\/2015\/08\/yamaguchi-2015_mod.jpg\" rel=\"lightbox[870]\"><img loading=\"lazy\" decoding=\"async\" class=\"aligncenter size-full wp-image-871\" src=\"http:\/\/www.jks.hu\/wp-content\/uploads\/2015\/08\/yamaguchi-2015_mod.jpg\" alt=\"yamaguchi-2015_mod\" width=\"595\" height=\"842\" srcset=\"https:\/\/www.jks.hu\/wp-content\/uploads\/2015\/08\/yamaguchi-2015_mod.jpg 595w, https:\/\/www.jks.hu\/wp-content\/uploads\/2015\/08\/yamaguchi-2015_mod-212x300.jpg 212w\" sizes=\"auto, (max-width: 595px) 100vw, 595px\" \/><\/a><\/p>\n","protected":false},"excerpt":{"rendered":"<p>Minden Shotokan karate ir\u00e1nt \u00e9rdekl\u0151d\u0151t szeretettel v\u00e1runk edz\u0151t\u00e1borunkban\u2026 Az edz\u00e9seket vezeti: Takashi Yamaguchi Sensei JKS 7.dan &#8211; A Japan Karate Shoto Federation Technikai vezet\u0151 instruktora. 2015. okt\u00f3ber 17. &#8211; \u00a0Budapest &#8211; Trefort Gimn\u00e1zium Tornaterme &#8211; t\u00e9rk\u00e9p :\u00a0https:\/\/goo.gl\/maps\/YYcet 17.00-18.00 kezd\u0151 18.00-19.30 halad\u00f3 2015. okt\u00f3ber 18. &#8211; S\u00e1rbog\u00e1rd &#8211; M\u00e9sz\u00f6ly G\u00e9za \u00c1ltal\u00e1nos Iskola &#8211; t\u00e9rk\u00e9p :\u00a0https:\/\/goo.gl\/maps\/YJ4ec 9.30-10.30 &hellip; <a href=\"https:\/\/www.jks.hu\/?p=870\" class=\"more-link\"><span class=\"screen-reader-text\">Takashi Yamaguchi \/7.dan\/ Edz\u0151t\u00e1bor<\/span> b\u0151vebben&#8230; <span class=\"meta-nav\">&rarr;<\/span><\/a><\/p>\n","protected":false},"author":1,"featured_media":871,"comment_status":"closed","ping_status":"closed","sticky":false,"template":"","format":"standard","meta":{"footnotes":""},"categories":[1],"tags":[],"class_list":["post-870","post","type-post","status-publish","format-standard","has-post-thumbnail","hentry","category-nincs-kategorizalva"],"_links":{"self":[{"href":"https:\/\/www.jks.hu\/index.php?rest_route=\/wp\/v2\/posts\/870","targetHints":{"allow":["GET"]}}],"collection":[{"href":"https:\/\/www.jks.hu\/index.php?rest_route=\/wp\/v2\/posts"}],"about":[{"href":"https:\/\/www.jks.hu\/index.php?rest_route=\/wp\/v2\/types\/post"}],"author":[{"embeddable":true,"href":"https:\/\/www.jks.hu\/index.php?rest_route=\/wp\/v2\/users\/1"}],"replies":[{"embeddable":true,"href":"https:\/\/www.jks.hu\/index.php?rest_route=%2Fwp%2Fv2%2Fcomments&post=870"}],"version-history":[{"count":9,"href":"https:\/\/www.jks.hu\/index.php?rest_route=\/wp\/v2\/posts\/870\/revisions"}],"predecessor-version":[{"id":882,"href":"https:\/\/www.jks.hu\/index.php?rest_route=\/wp\/v2\/posts\/870\/revisions\/882"}],"wp:featuredmedia":[{"embeddable":true,"href":"https:\/\/www.jks.hu\/index.php?rest_route=\/wp\/v2\/media\/871"}],"wp:attachment":[{"href":"https:\/\/www.jks.hu\/index.php?rest_route=%2Fwp%2Fv2%2Fmedia&parent=870"}],"wp:term":[{"taxonomy":"category","embeddable":true,"href":"https:\/\/www.jks.hu\/index.php?rest_route=%2Fwp%2Fv2%2Fcategories&post=870"},{"taxonomy":"post_tag","embeddable":true,"href":"https:\/\/www.jks.hu\/index.php?rest_route=%2Fwp%2Fv2%2Ftags&post=870"}],"curies":[{"name":"wp","href":"https:\/\/api.w.org\/{rel}","templated":true}]}}