{"id":825,"date":"2014-12-15T11:39:10","date_gmt":"2014-12-15T11:39:10","guid":{"rendered":"http:\/\/www.jks.hu\/?p=825"},"modified":"2014-12-15T11:39:10","modified_gmt":"2014-12-15T11:39:10","slug":"a-karate-mindenkie-karate-ertelmi-fogyatekkal-elok-reszere","status":"publish","type":"post","link":"https:\/\/www.jks.hu\/?p=825","title":{"rendered":"A karate mindenki\u00e9 &#8211; karate \u00e9rtelmi fogyat\u00e9kkal \u00e9l\u0151k r\u00e9sz\u00e9re!"},"content":{"rendered":"<p>December 13.-\u00e1n p\u00e9nteken a JKS Magyarorsz\u00e1g szeksz\u00e1rdi egyes\u00fclete t\u00f6bb helyi civil alap\u00edtv\u00e1nnyal egy\u00fcttm\u0171k\u00f6dve (&#8222;Seg\u00edts rajtam&#8221; &#8211; h\u00e1tr\u00e1nyos helyzet\u0171ek\u00e9rt Alap\u00edtv\u00e1ny \u00e9s K\u00e9k Mad\u00e1r Alap\u00edtv\u00e1ny)megtartotta a t\u00e9rs\u00e9g els\u0151 speci\u00e1lis karate edz\u00e9s\u00e9t \u00e9rtelmi fogyat\u00e9kkal \u00e9l\u0151, mozogni v\u00e1gy\u00f3 emberek r\u00e9sz\u00e9re. A kezdem\u00e9nyez\u00e9st nem v\u00e1rt siker fogadta, a programon k\u00f6zel tucat \u00e9rdekl\u0151d\u0151 vett r\u00e9szt, akik a feladatokat teljes odaad\u00e1ssal \u00e9s a fizikai \u00e9s szellemi megterhel\u00e9s ellen\u00e9re is sz\u00e9les mosollyal \u00e9s vid\u00e1ms\u00e1ggal teljes\u00edtett\u00e9k. A kezdem\u00e9nyez\u00e9s nem egy alkalomr\u00f3l sz\u00f3lt, 2015 janu\u00e1rj\u00e1t\u00f3l heti rendszeress\u00e9ggel biztos\u00edtunk sportol\u00e1si lehet\u0151s\u00e9get Szeksz\u00e1rdon is MINDENKINEK.<\/p>\n<p>Sz\u00f6vets\u00e9g\u00fcnk nem csup\u00e1n a fogyat\u00e9kkal \u00e9l\u0151k r\u00e9sz\u00e9re, de kerekessz\u00e9kbe k\u00e9nyszer\u00fclt, megv\u00e1ltozott mozg\u00e1sk\u00e9pess\u00e9g\u0171 \u00e9s vak, illetve gyeng\u00e9nl\u00e1t\u00f3k r\u00e9sz\u00e9re is rendelkezik oktat\u00e1si anyaggal \u00e9s nemzetk\u00f6zi tapasztalattal. Rem\u00e9lj\u00fck hamarosan mindenki sz\u00e1m\u00e1ra el\u00e9rhet\u0151v\u00e9 tehetj\u00fck a karate mozg\u00e1sanyag\u00e1t \u00e9s hozz\u00e1j\u00e1rulhatunk sok-sok ember boldogabb \u00e9let\u00e9hez.<\/p>\n<p>Ha \u00d6n\u00f6kn\u00e9l is sz\u00fcks\u00e9g lehet munk\u00e1nkra, keressen minket bizalommal. \/ office@jks.hu, +36 20 203 29 13<\/p>\n<p>&nbsp;<\/p>\n","protected":false},"excerpt":{"rendered":"<p>December 13.-\u00e1n p\u00e9nteken a JKS Magyarorsz\u00e1g szeksz\u00e1rdi egyes\u00fclete t\u00f6bb helyi civil alap\u00edtv\u00e1nnyal egy\u00fcttm\u0171k\u00f6dve (&#8222;Seg\u00edts rajtam&#8221; &#8211; h\u00e1tr\u00e1nyos helyzet\u0171ek\u00e9rt Alap\u00edtv\u00e1ny \u00e9s K\u00e9k Mad\u00e1r Alap\u00edtv\u00e1ny)megtartotta a t\u00e9rs\u00e9g els\u0151 speci\u00e1lis karate edz\u00e9s\u00e9t \u00e9rtelmi fogyat\u00e9kkal \u00e9l\u0151, mozogni v\u00e1gy\u00f3 emberek r\u00e9sz\u00e9re. A kezdem\u00e9nyez\u00e9st nem v\u00e1rt siker fogadta, a programon k\u00f6zel tucat \u00e9rdekl\u0151d\u0151 vett r\u00e9szt, akik a feladatokat teljes odaad\u00e1ssal \u00e9s &hellip; <a href=\"https:\/\/www.jks.hu\/?p=825\" class=\"more-link\"><span class=\"screen-reader-text\">A karate mindenki\u00e9 &#8211; karate \u00e9rtelmi fogyat\u00e9kkal \u00e9l\u0151k r\u00e9sz\u00e9re!<\/span> b\u0151vebben&#8230; <span class=\"meta-nav\">&rarr;<\/span><\/a><\/p>\n","protected":false},"author":1,"featured_media":0,"comment_status":"closed","ping_status":"closed","sticky":false,"template":"","format":"standard","meta":{"footnotes":""},"categories":[1],"tags":[],"class_list":["post-825","post","type-post","status-publish","format-standard","hentry","category-nincs-kategorizalva"],"_links":{"self":[{"href":"https:\/\/www.jks.hu\/index.php?rest_route=\/wp\/v2\/posts\/825","targetHints":{"allow":["GET"]}}],"collection":[{"href":"https:\/\/www.jks.hu\/index.php?rest_route=\/wp\/v2\/posts"}],"about":[{"href":"https:\/\/www.jks.hu\/index.php?rest_route=\/wp\/v2\/types\/post"}],"author":[{"embeddable":true,"href":"https:\/\/www.jks.hu\/index.php?rest_route=\/wp\/v2\/users\/1"}],"replies":[{"embeddable":true,"href":"https:\/\/www.jks.hu\/index.php?rest_route=%2Fwp%2Fv2%2Fcomments&post=825"}],"version-history":[{"count":1,"href":"https:\/\/www.jks.hu\/index.php?rest_route=\/wp\/v2\/posts\/825\/revisions"}],"predecessor-version":[{"id":826,"href":"https:\/\/www.jks.hu\/index.php?rest_route=\/wp\/v2\/posts\/825\/revisions\/826"}],"wp:attachment":[{"href":"https:\/\/www.jks.hu\/index.php?rest_route=%2Fwp%2Fv2%2Fmedia&parent=825"}],"wp:term":[{"taxonomy":"category","embeddable":true,"href":"https:\/\/www.jks.hu\/index.php?rest_route=%2Fwp%2Fv2%2Fcategories&post=825"},{"taxonomy":"post_tag","embeddable":true,"href":"https:\/\/www.jks.hu\/index.php?rest_route=%2Fwp%2Fv2%2Ftags&post=825"}],"curies":[{"name":"wp","href":"https:\/\/api.w.org\/{rel}","templated":true}]}}