{"id":786,"date":"2014-05-15T10:43:58","date_gmt":"2014-05-15T10:43:58","guid":{"rendered":"http:\/\/www.jks.hu\/?p=786"},"modified":"2014-05-15T10:57:11","modified_gmt":"2014-05-15T10:57:11","slug":"egy-het-okamoto-senseijel","status":"publish","type":"post","link":"https:\/\/www.jks.hu\/?p=786","title":{"rendered":"Egy h\u00e9t Okamoto Senseijel"},"content":{"rendered":"<p>M\u00e1jus m\u00e1sodik het\u00e9ben a kiv\u00e1l\u00f3 instruktor Okamoto Saori Sensei eur\u00f3ai turn\u00e9ja elemek\u00e9nt egy teljes hetet t\u00f6lt\u00f6tt haz\u00e1nkban, s adta \u00e1t a JKS Hombu dojo jap\u00e1n edz\u00e9seinek hangulat\u00e1t.<\/p>\n<p>Akik a h\u00e1rom v\u00e1ros (Budapest, Szeksz\u00e1rd, Zalaegerszeg) edz\u00e9sei k\u00f6z\u00fcl ak\u00e1rcsak egyen is r\u00e9szt vettek mind egyet\u00e9rtettek abban, hogy a fiatal mester elk\u00e9peszt\u0151en letisztult technik\u00e1ja mellett k\u00edv\u00e1l\u00f3 instruktor is, nagyon sz\u00e9pen, elemeire bontva, a gyakorl\u00f3k tud\u00e1s\u00e1hoz \u00e9s nyitotts\u00e1g\u00e1hoz igaz\u00edtva \u00e9p\u00edtette fel az edz\u00e9seit az egyes doj\u00f3k vezet\u0151inek k\u00e9r\u00e9s\u00e9nek megfelel\u0151en. A teljes h\u00e9ten a teljesen kezd\u0151k\u00f6n kereszt\u00fcl a komolyabban, rendszeresen versenyz\u0151k\u00f6n \u00e1t, a puszt\u00e1n karateismereteiket b\u0151v\u00edteni v\u00e1gy\u00f3k is rengeteget tanulhattak. A teljes h\u00e9ten majd 20 \u00f3r\u00e1nyi edz\u00e9sen kereszt\u00fcl \u00e1ttekintett\u00fck a kihon (b\u00e1zistechnik\u00e1k), az ido kihon (mozg\u00e1sos alaptechnik\u00e1k), jiyu ippon kumite, kis jiyu kumite fontosabb pontjait, t\u00f6bb klasszikus shotokan kat\u00e1t (jion, empi, bassai dai, gojushiho dai, sochin) \u00e9s persze n\u00e9h\u00e1ny koten kat\u00e1t is (Kakuyoku Shodan, Nidan, Sandan). Ism\u00e9t bebizonyosodott, hogy hatalmas tud\u00e1ssal is lehet kedvesen, szer\u00e9nyen viselkedni, ahogyan az is, hogy nem kell a legmagasabb fokozat\u00fa instruktor ahhoz, hogy rengeteget tanulhassunk \u00e9s rendszerezhess\u00fck tud\u00e1sunkat. A szakmai munk\u00e1t \u00f6sszegezve a t\u00e1bor v\u00e9g\u00e9n egyeztett\u00fck a Senseijel a hazai klubok jellemz\u0151 technikai hib\u00e1it, hi\u00e1nyss\u00e1gait, illetve \u00e1tbesz\u00e9lt\u00fck a lehets\u00e9ges fejl\u0151d\u00e9si lehet\u0151s\u00e9geket. A karate mellett a sok egy\u00fctt t\u00f6lt\u00f6tt \u00f3ra alatt megismertett\u00fck a Senseit a magyar konyha r\u00e9gi \u00e9s fejl\u0151d\u0151 ir\u00e1nyaival, \u00e9s megkezdt\u00fck a jap\u00e1n-magyar szavak csere-ber\u00e9re alapul\u00f3 k\u00f6lcs\u00f6n\u00f6s elsaj\u00e1t\u00edt\u00e1s\u00e1t. B\u00e1nhatja mindenki, aki kihagyta\u2026.<\/p>\n<p>K\u00fcl\u00f6n kiemelend\u0151 n\u00e9h\u00e1ny karat\u00e9ka, akik a h\u00e9t alatt seg\u00edtett\u00e9k Okamoto Sensei ittart\u00f3zkod\u00e1s\u00e1t, munk\u00e1j\u00e1t. K\u00f6sz\u00f6nj\u00fck teh\u00e1t Jagadits L\u00e1szl\u00f3nak, K\u00fcts\u00f6n Di\u00e1nak, Moln\u00e1r Tam\u00e1snak, Hecker Bal\u00e1zsnak, Cheritah Laur\u00e1nak \u00e9s k\u00fcl\u00f6n k\u00f6sz\u00f6net Rend\u00e1s P\u00e9ternek \u00e9s P\u00e1jger Zolt\u00e1nnak.<\/p>\n<p>\u00d6sszegezve: &#8221; K\u00f6sz\u00f6nj\u00fck sz\u00e9pen az eg\u00e9sz hetet, a tan\u00edt\u00e1st, s rem\u00e9lj\u00fck hamar tal\u00e1lkozunk Okamoto Sensei. Oss.&#8221;<\/p>\n<p>&nbsp;<\/p>\n<div id='gallery-1' class='gallery galleryid-786 gallery-columns-3 gallery-size-thumbnail'><figure class='gallery-item'>\n\t\t\t<div class='gallery-icon landscape'>\n\t\t\t\t<a href='https:\/\/www.jks.hu\/?attachment_id=789'><img loading=\"lazy\" decoding=\"async\" width=\"150\" height=\"90\" src=\"https:\/\/www.jks.hu\/wp-content\/uploads\/2014\/05\/2014-05-08-19.55.12-e1400151026200.jpg\" class=\"attachment-thumbnail size-thumbnail\" alt=\"\" aria-describedby=\"gallery-1-789\" \/><\/a>\n\t\t\t<\/div>\n\t\t\t\t<figcaption class='wp-caption-text gallery-caption' id='gallery-1-789'>\n\t\t\t\tBudapest &#8211; Trefort\n\t\t\t\t<\/figcaption><\/figure><figure class='gallery-item'>\n\t\t\t<div class='gallery-icon landscape'>\n\t\t\t\t<a href='https:\/\/www.jks.hu\/?attachment_id=791'><img loading=\"lazy\" decoding=\"async\" width=\"150\" height=\"150\" src=\"https:\/\/www.jks.hu\/wp-content\/uploads\/2014\/05\/Okamoto_zeg-150x150.jpg\" class=\"attachment-thumbnail size-thumbnail\" alt=\"\" aria-describedby=\"gallery-1-791\" \/><\/a>\n\t\t\t<\/div>\n\t\t\t\t<figcaption class='wp-caption-text gallery-caption' id='gallery-1-791'>\n\t\t\t\tZalaegerszeg\n\t\t\t\t<\/figcaption><\/figure><figure class='gallery-item'>\n\t\t\t<div class='gallery-icon portrait'>\n\t\t\t\t<a href='https:\/\/www.jks.hu\/?attachment_id=792'><img loading=\"lazy\" decoding=\"async\" width=\"150\" height=\"150\" src=\"https:\/\/www.jks.hu\/wp-content\/uploads\/2014\/05\/OKamoto_zeg21-150x150.jpg\" class=\"attachment-thumbnail size-thumbnail\" alt=\"\" aria-describedby=\"gallery-1-792\" \/><\/a>\n\t\t\t<\/div>\n\t\t\t\t<figcaption class='wp-caption-text gallery-caption' id='gallery-1-792'>\n\t\t\t\tMaiai\n\t\t\t\t<\/figcaption><\/figure><figure class='gallery-item'>\n\t\t\t<div class='gallery-icon landscape'>\n\t\t\t\t<a href='https:\/\/www.jks.hu\/?attachment_id=796'><img loading=\"lazy\" decoding=\"async\" width=\"150\" height=\"150\" src=\"https:\/\/www.jks.hu\/wp-content\/uploads\/2014\/05\/2014-05-09-18.02.061-150x150.jpg\" class=\"attachment-thumbnail size-thumbnail\" alt=\"\" aria-describedby=\"gallery-1-796\" \/><\/a>\n\t\t\t<\/div>\n\t\t\t\t<figcaption class='wp-caption-text gallery-caption' id='gallery-1-796'>\n\t\t\t\tSzeksz\u00e1rd\n\t\t\t\t<\/figcaption><\/figure>\n\t\t<\/div>\n\n","protected":false},"excerpt":{"rendered":"<p>M\u00e1jus m\u00e1sodik het\u00e9ben a kiv\u00e1l\u00f3 instruktor Okamoto Saori Sensei eur\u00f3ai turn\u00e9ja elemek\u00e9nt egy teljes hetet t\u00f6lt\u00f6tt haz\u00e1nkban, s adta \u00e1t a JKS Hombu dojo jap\u00e1n edz\u00e9seinek hangulat\u00e1t. Akik a h\u00e1rom v\u00e1ros (Budapest, Szeksz\u00e1rd, Zalaegerszeg) edz\u00e9sei k\u00f6z\u00fcl ak\u00e1rcsak egyen is r\u00e9szt vettek mind egyet\u00e9rtettek abban, hogy a fiatal mester elk\u00e9peszt\u0151en letisztult technik\u00e1ja mellett k\u00edv\u00e1l\u00f3 instruktor is, &hellip; <a href=\"https:\/\/www.jks.hu\/?p=786\" class=\"more-link\"><span class=\"screen-reader-text\">Egy h\u00e9t Okamoto Senseijel<\/span> b\u0151vebben&#8230; <span class=\"meta-nav\">&rarr;<\/span><\/a><\/p>\n","protected":false},"author":1,"featured_media":0,"comment_status":"closed","ping_status":"closed","sticky":false,"template":"","format":"standard","meta":{"footnotes":""},"categories":[1],"tags":[],"class_list":["post-786","post","type-post","status-publish","format-standard","hentry","category-nincs-kategorizalva"],"_links":{"self":[{"href":"https:\/\/www.jks.hu\/index.php?rest_route=\/wp\/v2\/posts\/786","targetHints":{"allow":["GET"]}}],"collection":[{"href":"https:\/\/www.jks.hu\/index.php?rest_route=\/wp\/v2\/posts"}],"about":[{"href":"https:\/\/www.jks.hu\/index.php?rest_route=\/wp\/v2\/types\/post"}],"author":[{"embeddable":true,"href":"https:\/\/www.jks.hu\/index.php?rest_route=\/wp\/v2\/users\/1"}],"replies":[{"embeddable":true,"href":"https:\/\/www.jks.hu\/index.php?rest_route=%2Fwp%2Fv2%2Fcomments&post=786"}],"version-history":[{"count":3,"href":"https:\/\/www.jks.hu\/index.php?rest_route=\/wp\/v2\/posts\/786\/revisions"}],"predecessor-version":[{"id":797,"href":"https:\/\/www.jks.hu\/index.php?rest_route=\/wp\/v2\/posts\/786\/revisions\/797"}],"wp:attachment":[{"href":"https:\/\/www.jks.hu\/index.php?rest_route=%2Fwp%2Fv2%2Fmedia&parent=786"}],"wp:term":[{"taxonomy":"category","embeddable":true,"href":"https:\/\/www.jks.hu\/index.php?rest_route=%2Fwp%2Fv2%2Fcategories&post=786"},{"taxonomy":"post_tag","embeddable":true,"href":"https:\/\/www.jks.hu\/index.php?rest_route=%2Fwp%2Fv2%2Ftags&post=786"}],"curies":[{"name":"wp","href":"https:\/\/api.w.org\/{rel}","templated":true}]}}