{"id":728,"date":"2013-12-02T09:43:29","date_gmt":"2013-12-02T09:43:29","guid":{"rendered":"http:\/\/www.jks.hu\/?p=728"},"modified":"2013-12-02T09:43:29","modified_gmt":"2013-12-02T09:43:29","slug":"edzotabor-szekszardon-es-szalkan","status":"publish","type":"post","link":"https:\/\/www.jks.hu\/?p=728","title":{"rendered":"Edz\u0151t\u00e1bor Szeksz\u00e1rdon \u00e9s Sz\u00e1lk\u00e1n"},"content":{"rendered":"<p>November 29.-\u00e9n \u00e9s 30.-\u00e1n ker\u0171lt megrendez\u00e9sre k\u00f6z\u00f6s edz\u00e9s\u00fcnk a Szeksz\u00e1rdi JKS csapattal. A p\u00e9nteki szeksz\u00e1rdi &#8222;hivatalos&#8221; edz\u00e9sen els\u0151sorban a klasszikus uke technik\u00e1k nyitottabb \u00e9rtelmez\u00e9s\u00e9vel foglalkoztunk, a sokoldal\u00fa felhaszn\u00e1l\u00e1si lehet\u0151s\u00e9gek \u00a0ir\u00e1ny\u00e1ba terelend\u0151 a gondolkod\u00e1st, term\u00e9szetesen a heian kat\u00e1k \u00e9rtelmez\u00e9s\u00e9be is be\u00e9p\u00edtve ezt. A p\u00e9nteki esti megbesz\u00e9l\u00e9s keret\u00e9ben megk\u00eds\u00e9relt\u00fcnk -lehetetlennek t\u0171n\u0151- csap\u00e1st m\u00e9rni a szeksz\u00e1rdi borvid\u00e9k &#8222;sz\u00f6l\u0151leveire&#8221; \u00e9s hurka\u00e1llom\u00e1ny\u00e1ra. A m\u00e1sodik nap edz\u00e9seinek a b\u00e1mulatosan sz\u00e9p Sz\u00e1lka telep\u00fcl\u00e9s k\u00f6z\u00f6ss\u00e9gi h\u00e1za biztos\u00edtott helysz\u00ednt, aholis kell\u0151 m\u00e9lys\u00e9gben saj\u00e1t\u00edtottuk el a Junro Yondan kat\u00e1t mind technik\u00e1iban, mind \u00e9rtelmez\u00e9s\u00e9ben. Term\u00e9szetesen j\u00f3 szok\u00e1s szerint a kondicion\u00e1l\u00e1st sem mulasztottuk el. Tal\u00e1lkozunk janu\u00e1rban is, mindenkit v\u00e1runk szeretettel.<\/p>\n","protected":false},"excerpt":{"rendered":"<p>November 29.-\u00e9n \u00e9s 30.-\u00e1n ker\u0171lt megrendez\u00e9sre k\u00f6z\u00f6s edz\u00e9s\u00fcnk a Szeksz\u00e1rdi JKS csapattal. A p\u00e9nteki szeksz\u00e1rdi &#8222;hivatalos&#8221; edz\u00e9sen els\u0151sorban a klasszikus uke technik\u00e1k nyitottabb \u00e9rtelmez\u00e9s\u00e9vel foglalkoztunk, a sokoldal\u00fa felhaszn\u00e1l\u00e1si lehet\u0151s\u00e9gek \u00a0ir\u00e1ny\u00e1ba terelend\u0151 a gondolkod\u00e1st, term\u00e9szetesen a heian kat\u00e1k \u00e9rtelmez\u00e9s\u00e9be is be\u00e9p\u00edtve ezt. A p\u00e9nteki esti megbesz\u00e9l\u00e9s keret\u00e9ben megk\u00eds\u00e9relt\u00fcnk -lehetetlennek t\u0171n\u0151- csap\u00e1st m\u00e9rni a szeksz\u00e1rdi borvid\u00e9k &#8222;sz\u00f6l\u0151leveire&#8221; &hellip; <a href=\"https:\/\/www.jks.hu\/?p=728\" class=\"more-link\"><span class=\"screen-reader-text\">Edz\u0151t\u00e1bor Szeksz\u00e1rdon \u00e9s Sz\u00e1lk\u00e1n<\/span> b\u0151vebben&#8230; <span class=\"meta-nav\">&rarr;<\/span><\/a><\/p>\n","protected":false},"author":1,"featured_media":730,"comment_status":"closed","ping_status":"closed","sticky":false,"template":"","format":"standard","meta":{"footnotes":""},"categories":[1],"tags":[],"class_list":["post-728","post","type-post","status-publish","format-standard","has-post-thumbnail","hentry","category-nincs-kategorizalva"],"_links":{"self":[{"href":"https:\/\/www.jks.hu\/index.php?rest_route=\/wp\/v2\/posts\/728","targetHints":{"allow":["GET"]}}],"collection":[{"href":"https:\/\/www.jks.hu\/index.php?rest_route=\/wp\/v2\/posts"}],"about":[{"href":"https:\/\/www.jks.hu\/index.php?rest_route=\/wp\/v2\/types\/post"}],"author":[{"embeddable":true,"href":"https:\/\/www.jks.hu\/index.php?rest_route=\/wp\/v2\/users\/1"}],"replies":[{"embeddable":true,"href":"https:\/\/www.jks.hu\/index.php?rest_route=%2Fwp%2Fv2%2Fcomments&post=728"}],"version-history":[{"count":1,"href":"https:\/\/www.jks.hu\/index.php?rest_route=\/wp\/v2\/posts\/728\/revisions"}],"predecessor-version":[{"id":731,"href":"https:\/\/www.jks.hu\/index.php?rest_route=\/wp\/v2\/posts\/728\/revisions\/731"}],"wp:featuredmedia":[{"embeddable":true,"href":"https:\/\/www.jks.hu\/index.php?rest_route=\/wp\/v2\/media\/730"}],"wp:attachment":[{"href":"https:\/\/www.jks.hu\/index.php?rest_route=%2Fwp%2Fv2%2Fmedia&parent=728"}],"wp:term":[{"taxonomy":"category","embeddable":true,"href":"https:\/\/www.jks.hu\/index.php?rest_route=%2Fwp%2Fv2%2Fcategories&post=728"},{"taxonomy":"post_tag","embeddable":true,"href":"https:\/\/www.jks.hu\/index.php?rest_route=%2Fwp%2Fv2%2Ftags&post=728"}],"curies":[{"name":"wp","href":"https:\/\/api.w.org\/{rel}","templated":true}]}}