{"id":723,"date":"2013-11-05T14:58:45","date_gmt":"2013-11-05T14:58:45","guid":{"rendered":"http:\/\/www.jks.hu\/?p=723"},"modified":"2013-11-05T14:58:45","modified_gmt":"2013-11-05T14:58:45","slug":"belgiumban-a-jks-magyarorszag-egy-szelete","status":"publish","type":"post","link":"https:\/\/www.jks.hu\/?p=723","title":{"rendered":"Belgiumban a JKS Magyarorsz\u00e1g egy szelete"},"content":{"rendered":"<p>November els\u0151 h\u00e9tv\u00e9g\u00e9j\u00e9n \u00f6r\u00f6mmel tett\u00fcnk eleget a JKS Belgium megh\u00edv\u00e1s\u00e1nak, s vett\u00fcnk r\u00e9szt Hasseltben az Eric Bortels \u00c9s Herczeg Bal\u00e1zs Senseiek \u00e1ltal vezetett edz\u0151t\u00e1boron. A magyar JKS-t szeksz\u00e1rdi \u00e9s budapesti klubokb\u00f3l \u00f6sszesen tizenegy k\u00e9pviselte, de a belga bar\u00e1taink mellett a n\u00e9met JKS tagjai is jelenl\u00e9t\u00fckkel er\u0151s\u00edtett\u00e9k a rendezv\u00e9nyt. Az edz\u0151t\u00e1bor k\u00fcl\u00f6nlegess\u00e9ge volt, hogy a hagyom\u00e1nyos edz\u00e9seken k\u00edv\u00fcl G-Karate edz\u00e9sen is r\u00e9szt vehett\u00fcnk, ahol kerekessz\u00e9kes \u00e9s enyh\u00e9bb \u00e9rtelmi fogyat\u00e9koss\u00e1ggal b\u00edr\u00f3 karat\u00e9s bar\u00e1tainkkal edzhett\u00f6nk egy\u00fctt&#8230;k\u00edv\u00e1l\u00f3 program volt, v\u00e1rhat\u00f3an j\u00f6v\u0151re is megy\u00fcnk, addig azonban szeretettel v\u00e1rjuk a Belga csapatot \u00e1prilisban, aholis a mi vend\u00e9gszeretet\u00fcnket \u00e9lvezhetik a bar\u00e1taink.<\/p>\n<p>A r\u00e9szletes besz\u00e1mol\u00f3\u00e9rt kattints a folytat\u00e1sra!<\/p>\n<p><!--more--><\/p>\n<p>Az egy h\u00edj\u00e1n tucatnyi karat\u00e9ka Eidhovenben \u00e9rt f\u00f6ldet, ahonnan Ildi \u00e9s Eric Sensei seg\u00edts\u00e9g\u00e9vel \u00e9rt\u00fck el a Hasseltben tal\u00e1lhat\u00f3 k\u00f6zponti doj\u00f3t, mely egyben ideiglenes sz\u00e1ll\u00e1sunkk\u00e9nt is funkcion\u00e1lt. A szombati napot h\u00e1rom \u00f3ra edz\u00e9ssel kezdt\u00fck meg, mely az Asai Sensei nyitottkezes technik\u00e1i -Eric Sensei- majd a Roushu kata-Bal\u00e1zs Sensei- t\u00e9m\u00e1i k\u00f6r\u00fcl forogtak. A hagyom\u00e1nyos edz\u00e9st k\u00f6vet\u0151en Eric Sensei vezet\u00e9s\u00e9vel r\u00e9szt vehett\u00fcnk egy t\u00f6bb, mint k\u00edv\u00e1l\u00f3 kerekessz\u00e9kes edz\u00e9sen, ami mind szakmailag, mind emberileg igen sokat adott a magyar csapatnak. &#8211; Err\u0151l k\u00e9s\u0151bb r\u00e9szletesen is besz\u00e1molunk az oldalon-. Az edz\u00e9seket k\u00f6vet\u0151en k\u00f6r\u00fclbel\u00fcl h\u00fasz fiatal karat\u00e9ka tett szigor\u00fa vizsg\u00e1t Eric \u00e9s Bal\u00e1zs Sensei el\u0151tt, ami m\u00e1r az\u00e9rt sem volt k\u00f6nny\u0171, mert t\u00f6bb, mint hatodik \u00f3r\u00e1ja tart\u00f3zkodtunk az edz\u00e9s helysz\u00edn\u00e9n. A szombati napot Jo Sempai \u00e1ltal k\u00e9sz\u00edtett hib\u00e1tlan BBQ \u00e9s nem kev\u00e9sb\u00e9 k\u00edv\u00e1l\u00f3 Belga s\u00f6r\u00f6k t\u00e1rsas\u00e1g\u00e1ban t\u00f6lt\u00f6tt\u00fck, egysz\u00f3val hib\u00e1tlan hangulatban \u00e9p\u00edtgett\u00fck a nemzetk\u00f6zi kapcsolatokat.<\/p>\n<p>Vas\u00e1rnap d\u00e9lel\u0151tt -mivel d\u00e9lut\u00e1n Antwerpent l\u00e1togattuk meg- csup\u00e1n k\u00e9t \u00f3r\u00e1nk volt edzeni, ahol &#8222;de-ai&#8221; technik\u00e1k mellett v\u00e9gigfutottunk a Kakuyoku Shodan kat\u00e1n, s annak \u00e9rtelmez\u00e9s\u00e9nek f\u0151bb pontjain. Az edz\u00e9st k\u00f6vet\u0151en a gy\u00e9m\u00e1nt f\u0151v\u00e1ros\u00e1ba l\u00e1togattunk, ahol a hideg sz\u00e9l \u00e9s szemerk\u00e9l\u0151 es\u0151 ellen\u00e9re k\u00edv\u00e1l\u00f3 s\u00e9t\u00e1t tett\u00fcnk, s nem hagytuk figyelmen k\u00edv\u00fcl a Katedr\u00e1lisban Rubens \u00e9s a t\u00f6bbiek gy\u00f6ny\u00f6r\u0171 kunsztjait sem. Az antwerpeni s\u00e9t\u00e1t az egyik legcoolabb pubban z\u00e1rtuk, ahol 50 felettiek mutatt\u00e1k be, hogy este hat k\u00f6r\u00fcl is puszt\u00edthat m\u00e9g a &#8217;70-es \u00e9vek dancev\u00e1logat\u00e1sa, s persze azt, hogy a belga s\u00f6r\u00f6k kev\u00e9sb\u00e9 depresszi\u00f3ra \u00f6szt\u00f6n\u00f6znek, mintsem ink\u00e1bb t\u00e1ncra. A nap felett a Katedr\u00e1lis mellett elfogyasztott halak, r\u00e1kok \u00e9s kagyl\u00f3k teteme mellett t\u00f6rt\u00fcnk p\u00e1lc\u00e1t.<\/p>\n<p>Hazautaz\u00e1sunk napj\u00e1n abban a megtiszteltet\u00e9sben volt r\u00e9sz\u00fcnk, hogy edzhett\u00fcnk Eric Sensei doj\u00f3j\u00e1ban a h\u00e9tf\u0151i hagyom\u00e1nyos csapattal, s\u0151t az edz\u00e9st Bal\u00e1zs Sensei tartotta, ami a hangulatos doj\u00f3 szelleme miatt hagyom\u00e1nyosra siker\u00fclt, \u00edgy &#8222;szerencs\u00e9re&#8221; volt id\u0151 a p\u00e1ros gyakorlatok mellett egy kis er\u0151s\u00edt\u00e9sre is. Z\u00e1r\u00e1sk\u00e9nt \u00e1ttekintett\u00fck a t\u00e1bor k\u00e9t f\u0151 kat\u00e1j\u00e1t, majd elb\u00facsuztunk a sz\u00e1ll\u00e1st\u00f3l. Hazautaz\u00e1s el\u0151tt m\u00e9g egyszer puszt\u00edtottunk a tenger \u00e9l\u0151vil\u00e1g\u00e1b\u00f3l, majd beszerezt\u00fck a kihagyhatatlan belga csokol\u00e1d\u00e9 sz\u00e1ll\u00edtm\u00e1nyt.<\/p>\n<p>A t\u00e1bor \u00e9s szemin\u00e1rium annyira j\u00f3l siker\u00fclt, hogy \u00e1prilisban belga bar\u00e1tink vend\u00e9geskednek n\u00e1lunk, majd j\u00f6v\u0151 novemberben ism\u00e9t k\u00f6z\u00f6s t\u00e1borban vesz\u00fcnk majd r\u00e9szt&#8230;<\/p>\n<p>Tov\u00e1bbi k\u00e9pek hamarosan!<\/p>\n","protected":false},"excerpt":{"rendered":"<p>November els\u0151 h\u00e9tv\u00e9g\u00e9j\u00e9n \u00f6r\u00f6mmel tett\u00fcnk eleget a JKS Belgium megh\u00edv\u00e1s\u00e1nak, s vett\u00fcnk r\u00e9szt Hasseltben az Eric Bortels \u00c9s Herczeg Bal\u00e1zs Senseiek \u00e1ltal vezetett edz\u0151t\u00e1boron. A magyar JKS-t szeksz\u00e1rdi \u00e9s budapesti klubokb\u00f3l \u00f6sszesen tizenegy k\u00e9pviselte, de a belga bar\u00e1taink mellett a n\u00e9met JKS tagjai is jelenl\u00e9t\u00fckkel er\u0151s\u00edtett\u00e9k a rendezv\u00e9nyt. Az edz\u0151t\u00e1bor k\u00fcl\u00f6nlegess\u00e9ge volt, hogy a hagyom\u00e1nyos &hellip; <a href=\"https:\/\/www.jks.hu\/?p=723\" class=\"more-link\"><span class=\"screen-reader-text\">Belgiumban a JKS Magyarorsz\u00e1g egy szelete<\/span> b\u0151vebben&#8230; <span class=\"meta-nav\">&rarr;<\/span><\/a><\/p>\n","protected":false},"author":1,"featured_media":725,"comment_status":"closed","ping_status":"closed","sticky":false,"template":"","format":"standard","meta":{"footnotes":""},"categories":[1],"tags":[],"class_list":["post-723","post","type-post","status-publish","format-standard","has-post-thumbnail","hentry","category-nincs-kategorizalva"],"_links":{"self":[{"href":"https:\/\/www.jks.hu\/index.php?rest_route=\/wp\/v2\/posts\/723","targetHints":{"allow":["GET"]}}],"collection":[{"href":"https:\/\/www.jks.hu\/index.php?rest_route=\/wp\/v2\/posts"}],"about":[{"href":"https:\/\/www.jks.hu\/index.php?rest_route=\/wp\/v2\/types\/post"}],"author":[{"embeddable":true,"href":"https:\/\/www.jks.hu\/index.php?rest_route=\/wp\/v2\/users\/1"}],"replies":[{"embeddable":true,"href":"https:\/\/www.jks.hu\/index.php?rest_route=%2Fwp%2Fv2%2Fcomments&post=723"}],"version-history":[{"count":2,"href":"https:\/\/www.jks.hu\/index.php?rest_route=\/wp\/v2\/posts\/723\/revisions"}],"predecessor-version":[{"id":726,"href":"https:\/\/www.jks.hu\/index.php?rest_route=\/wp\/v2\/posts\/723\/revisions\/726"}],"wp:featuredmedia":[{"embeddable":true,"href":"https:\/\/www.jks.hu\/index.php?rest_route=\/wp\/v2\/media\/725"}],"wp:attachment":[{"href":"https:\/\/www.jks.hu\/index.php?rest_route=%2Fwp%2Fv2%2Fmedia&parent=723"}],"wp:term":[{"taxonomy":"category","embeddable":true,"href":"https:\/\/www.jks.hu\/index.php?rest_route=%2Fwp%2Fv2%2Fcategories&post=723"},{"taxonomy":"post_tag","embeddable":true,"href":"https:\/\/www.jks.hu\/index.php?rest_route=%2Fwp%2Fv2%2Ftags&post=723"}],"curies":[{"name":"wp","href":"https:\/\/api.w.org\/{rel}","templated":true}]}}