{"id":705,"date":"2013-09-24T08:37:49","date_gmt":"2013-09-24T08:37:49","guid":{"rendered":"http:\/\/www.jks.hu\/?p=705"},"modified":"2013-09-24T08:37:49","modified_gmt":"2013-09-24T08:37:49","slug":"indulnak-a-gyerekcsoportok","status":"publish","type":"post","link":"https:\/\/www.jks.hu\/?p=705","title":{"rendered":"Indulnak a gyerekcsoportok!"},"content":{"rendered":"<p>A j\u00f6v\u0151 h\u00e9ten, okt\u00f3ber els\u0151 het\u00e9ben k\u00e9t budapesti JKS karate doj\u00f3ban is beindulnak a karateedz\u00e9sek. Minden kisiskol\u00e1st v\u00e1runk szeretettel. Teljesen kezd\u0151 gyerekeket is j\u00f6hetnek, lehet csatlakozni!<\/p>\n<p>Hild J\u00f3zsef \u00c1ltal\u00e1nos Iskola &#8211; kezd\u00e9s okt\u00f3ber 1.-\u00e9n 14.00 \u00f3rakor<\/p>\n<p>V\u00e1ci utcai \u00c9nek-Zene tagozatos \u00e1ltal\u00e1nos iskola &#8211; kezd\u00e9s okt\u00f3ber 3.-\u00e1n 16.00 \u00f3rakor.<\/p>\n","protected":false},"excerpt":{"rendered":"<p>A j\u00f6v\u0151 h\u00e9ten, okt\u00f3ber els\u0151 het\u00e9ben k\u00e9t budapesti JKS karate doj\u00f3ban is beindulnak a karateedz\u00e9sek. Minden kisiskol\u00e1st v\u00e1runk szeretettel. Teljesen kezd\u0151 gyerekeket is j\u00f6hetnek, lehet csatlakozni! Hild J\u00f3zsef \u00c1ltal\u00e1nos Iskola &#8211; kezd\u00e9s okt\u00f3ber 1.-\u00e9n 14.00 \u00f3rakor V\u00e1ci utcai \u00c9nek-Zene tagozatos \u00e1ltal\u00e1nos iskola &#8211; kezd\u00e9s okt\u00f3ber 3.-\u00e1n 16.00 \u00f3rakor.<\/p>\n","protected":false},"author":1,"featured_media":706,"comment_status":"closed","ping_status":"closed","sticky":false,"template":"","format":"standard","meta":{"footnotes":""},"categories":[1],"tags":[],"class_list":["post-705","post","type-post","status-publish","format-standard","has-post-thumbnail","hentry","category-nincs-kategorizalva"],"_links":{"self":[{"href":"https:\/\/www.jks.hu\/index.php?rest_route=\/wp\/v2\/posts\/705","targetHints":{"allow":["GET"]}}],"collection":[{"href":"https:\/\/www.jks.hu\/index.php?rest_route=\/wp\/v2\/posts"}],"about":[{"href":"https:\/\/www.jks.hu\/index.php?rest_route=\/wp\/v2\/types\/post"}],"author":[{"embeddable":true,"href":"https:\/\/www.jks.hu\/index.php?rest_route=\/wp\/v2\/users\/1"}],"replies":[{"embeddable":true,"href":"https:\/\/www.jks.hu\/index.php?rest_route=%2Fwp%2Fv2%2Fcomments&post=705"}],"version-history":[{"count":1,"href":"https:\/\/www.jks.hu\/index.php?rest_route=\/wp\/v2\/posts\/705\/revisions"}],"predecessor-version":[{"id":707,"href":"https:\/\/www.jks.hu\/index.php?rest_route=\/wp\/v2\/posts\/705\/revisions\/707"}],"wp:featuredmedia":[{"embeddable":true,"href":"https:\/\/www.jks.hu\/index.php?rest_route=\/wp\/v2\/media\/706"}],"wp:attachment":[{"href":"https:\/\/www.jks.hu\/index.php?rest_route=%2Fwp%2Fv2%2Fmedia&parent=705"}],"wp:term":[{"taxonomy":"category","embeddable":true,"href":"https:\/\/www.jks.hu\/index.php?rest_route=%2Fwp%2Fv2%2Fcategories&post=705"},{"taxonomy":"post_tag","embeddable":true,"href":"https:\/\/www.jks.hu\/index.php?rest_route=%2Fwp%2Fv2%2Ftags&post=705"}],"curies":[{"name":"wp","href":"https:\/\/api.w.org\/{rel}","templated":true}]}}