{"id":674,"date":"2013-08-06T13:23:53","date_gmt":"2013-08-06T13:23:53","guid":{"rendered":"http:\/\/www.jks.hu\/?p=674"},"modified":"2013-08-06T13:25:55","modified_gmt":"2013-08-06T13:25:55","slug":"2013-jks-vb-eredmenyek","status":"publish","type":"post","link":"https:\/\/www.jks.hu\/?p=674","title":{"rendered":"2013 JKS VB Eredm\u00e9nyek"},"content":{"rendered":"<p>V\u00e9get \u00e9rt az idei JKS Vil\u00e1gbajnoks\u00e1g Toki\u00f3ban. Helysz\u00edni tud\u00f3s\u00edt\u00f3ink szerint rendk\u00edv\u00fcl profin-, j\u00f3l- szervezett verseny volt, s azt sem volt neh\u00e9z \u00e9szrevenni, hogy ebben a sport\u00e1gban Jap\u00e1nban nem ma kezd\u0151d\u00f6tt a versenyszervez\u00e9s \u00e9s a versenyz\u00e9s sem. Sajnos sz\u00f6vets\u00e9g\u00fcnk -kiz\u00e1r\u00f3lag anyagi okok miatt- id\u00e9n nem tudott r\u00e9szt venni a versenyen, \u00e1m az eredm\u00e9nyeket tekintve nem is lett volna k\u00f6nny\u0171 dolgunk&#8230;.rem\u00e9lj\u00fck a k\u00f6vetkez D\u00e9l Afrik\u00e1ban megrendez\u00e9sre ker\u00fcl\u0151 vil\u00e1gbajnoks\u00e1gon k\u00e9pviselni tudjuk majd haz\u00e1nkat.<\/p>\n<p>A tov\u00e1bb gombra kattintva megtekintehet\u0151 az eredm\u00e9nyfile kivonata, akik minden kateg\u00f3ri\u00e1ra k\u00edv\u00e1ncsi let\u00f6ltheti jobbra a let\u00f6lt\u00e9sek men\u00fcpontban.<\/p>\n<p><!--more--><\/p>\n<p>\u00d6sszes\u00edtett \u00e9remt\u00e1bl\u00e1zat &#8211; Veter\u00e1n<\/p>\n<p>1. Jap\u00e1n 3-4-4 20 pts<br \/>\n2. D\u00e9l-Afrika 1-2-2 9 \u00a0pts<br \/>\n3. Oroszorsz\u00e1g 1-0-0 3 \u00a0pts \/ Sv\u00e1jc 1-0-0 3 pts<\/p>\n<p>FF Kumite 40+ 1. Yutaka Koike<strong>\u00a0<\/strong>Sv\u00e1jc<br \/>\nFF Kata 40 + 1. Dermot O&#8217; Keefee \u00cdrorsz\u00e1g<\/p>\n<p>N Kumite 40+ Luorencia Kok SA<br \/>\nN Kata 40+ Mami Yoshikosi Jap<\/p>\n<p>\u00d6sszes\u00edtett \u00e9remt\u00e1bl\u00e1zat &#8211; Feln\u0151tt<\/p>\n<p>1. Jap\u00e1n 8-4-6 38 pts<br \/>\n2. Ukrajna 1-2-1 8 pts<br \/>\n3. D\u00e9l-Afrika 0-2-0 4 pts<\/p>\n<p>1<strong>. Jap\u00e1n<\/strong> FF Csapat Kumite, N Csapat Kumite, FF Csapat Kata, N Csapat Kata<\/p>\n<p>N Kata 18+<br \/>\n1. Saori Okamoto Jap<br \/>\n2. Yuki Yokozawa Jap<br \/>\n3. Vanessa Pascual Garcia Spain<\/p>\n<p>M Kata 18+<br \/>\n1. Koji Arimoto Jap<br \/>\n2. Shinji Nagaki Jap<br \/>\n3. Takato Soma \u00a0Jap<\/p>\n<p>N Kumite 18+<br \/>\n1. Yuri Kaneko Jap<br \/>\n2. Mamiko Gomyo Jap<br \/>\n3. Saori Okamoto Jap<\/p>\n<p>FF Kumite 18+<br \/>\n1. Hideyoshi Kagawa<br \/>\n2. Shinji Nagaki<br \/>\n3. Daisuke Watanabe \/ Kenta Kai<br \/>\nA kateg\u00f3ria \u00e9rdekess\u00e9ge, hogy mindannyian a JKS Hombu doj\u00f3 instruktorai.<\/p>\n<p>Koten Kata 18+<br \/>\n1. Andrei Medvedev Ukr<br \/>\n2. William Taveres da Silva Braz<br \/>\n3. Naoko Onishi Jap<\/p>\n<p>&nbsp;<\/p>\n","protected":false},"excerpt":{"rendered":"<p>V\u00e9get \u00e9rt az idei JKS Vil\u00e1gbajnoks\u00e1g Toki\u00f3ban. Helysz\u00edni tud\u00f3s\u00edt\u00f3ink szerint rendk\u00edv\u00fcl profin-, j\u00f3l- szervezett verseny volt, s azt sem volt neh\u00e9z \u00e9szrevenni, hogy ebben a sport\u00e1gban Jap\u00e1nban nem ma kezd\u0151d\u00f6tt a versenyszervez\u00e9s \u00e9s a versenyz\u00e9s sem. Sajnos sz\u00f6vets\u00e9g\u00fcnk -kiz\u00e1r\u00f3lag anyagi okok miatt- id\u00e9n nem tudott r\u00e9szt venni a versenyen, \u00e1m az eredm\u00e9nyeket tekintve nem is &hellip; <a href=\"https:\/\/www.jks.hu\/?p=674\" class=\"more-link\"><span class=\"screen-reader-text\">2013 JKS VB Eredm\u00e9nyek<\/span> b\u0151vebben&#8230; <span class=\"meta-nav\">&rarr;<\/span><\/a><\/p>\n","protected":false},"author":1,"featured_media":675,"comment_status":"closed","ping_status":"closed","sticky":false,"template":"","format":"standard","meta":{"footnotes":""},"categories":[1],"tags":[],"class_list":["post-674","post","type-post","status-publish","format-standard","has-post-thumbnail","hentry","category-nincs-kategorizalva"],"_links":{"self":[{"href":"https:\/\/www.jks.hu\/index.php?rest_route=\/wp\/v2\/posts\/674","targetHints":{"allow":["GET"]}}],"collection":[{"href":"https:\/\/www.jks.hu\/index.php?rest_route=\/wp\/v2\/posts"}],"about":[{"href":"https:\/\/www.jks.hu\/index.php?rest_route=\/wp\/v2\/types\/post"}],"author":[{"embeddable":true,"href":"https:\/\/www.jks.hu\/index.php?rest_route=\/wp\/v2\/users\/1"}],"replies":[{"embeddable":true,"href":"https:\/\/www.jks.hu\/index.php?rest_route=%2Fwp%2Fv2%2Fcomments&post=674"}],"version-history":[{"count":2,"href":"https:\/\/www.jks.hu\/index.php?rest_route=\/wp\/v2\/posts\/674\/revisions"}],"predecessor-version":[{"id":677,"href":"https:\/\/www.jks.hu\/index.php?rest_route=\/wp\/v2\/posts\/674\/revisions\/677"}],"wp:featuredmedia":[{"embeddable":true,"href":"https:\/\/www.jks.hu\/index.php?rest_route=\/wp\/v2\/media\/675"}],"wp:attachment":[{"href":"https:\/\/www.jks.hu\/index.php?rest_route=%2Fwp%2Fv2%2Fmedia&parent=674"}],"wp:term":[{"taxonomy":"category","embeddable":true,"href":"https:\/\/www.jks.hu\/index.php?rest_route=%2Fwp%2Fv2%2Fcategories&post=674"},{"taxonomy":"post_tag","embeddable":true,"href":"https:\/\/www.jks.hu\/index.php?rest_route=%2Fwp%2Fv2%2Ftags&post=674"}],"curies":[{"name":"wp","href":"https:\/\/api.w.org\/{rel}","templated":true}]}}