{"id":569,"date":"2013-02-26T10:36:58","date_gmt":"2013-02-26T10:36:58","guid":{"rendered":"http:\/\/www.jks.hu\/?p=569"},"modified":"2013-02-27T08:50:08","modified_gmt":"2013-02-27T08:50:08","slug":"jks-csaladi-nap","status":"publish","type":"post","link":"https:\/\/www.jks.hu\/?p=569","title":{"rendered":"JKS Csal\u00e1di Nap"},"content":{"rendered":"<p>2013.febru\u00e1r 16.-\u00e1n Budapesten ker\u00fclt megrendez\u00e9sre Csal\u00e1di Nap \u00e9s \u00f6sszevont edz\u00e9s, mely programunk kett\u0151s c\u00e9lja a fiatal karat\u00e9sok \u00e9s sz\u00fcleik egy\u00fcttes megmozgat\u00e1sa \u00e9s a JKS Magyarorsz\u00e1g edz\u0151inek bemutatkoz\u00e1sa volt.<\/p>\n<p>Az edz\u00e9s els\u0151 \u00f3r\u00e1j\u00e1ban Sz\u00f6vets\u00e9g\u00fcnk legfiatalabb karat\u00e9k\u00e1i egy\u00fctt edzhettek sz\u00fcleikkel \u00e9s v\u00e1llalkoz\u00f3 kedv\u0171 hozz\u00e1tartoz\u00f3ikkal, mely lehet\u0151s\u00e9ggel szerencs\u00e9re majd&#8217; mindenki \u00e9lt is, \u00edgy nemcsak a gyerekek \u00f6r\u00fclhettek a k\u00f6z\u00f6s munk\u00e1nak, de a sz\u00fcl\u0151k is bel\u00fclr\u0151l ismerhett\u00e9k meg gyermek\u00fck v\u00e1lasztott harcm\u0171v\u00e9szet\u00e9t.<\/p>\n<p>Az edz\u00e9s h\u00e1tral\u00e9v\u0151 k\u00e9t \u00f3r\u00e1j\u00e1ban a szeksz\u00e1rdi csapat vezet\u0151je tartott kumit\u00e9s r\u00e1vezet\u0151 gyakorlatokra \u00e9p\u00fcl\u0151 nagyon j\u00f3 hangulat\u00fa, dinamikus edz\u00e9st, majd a junro sandan kata elemeivel ismermedt\u00fcnk.<\/p>\n<p>Az edz\u00e9sek okozta f\u00e1radts\u00e1g levezet\u00e9sek\u00e9nt k\u00f6z\u00f6s eb\u00e9den vett\u00fcnk r\u00e9szt, ahol a JKS Mo.rendes \u00e9ves k\u00f6zgy\u0171l\u00e9s\u00e9re is sor ker\u00fclt. A k\u00f6zgy\u0171l\u00e9s a tagfelv\u00e9teli k\u00e9relnek meghallgat\u00e1sa ut\u00e1n a Szeksz\u00e1rd \u00e9s k\u00f6rny\u00e9ke szabadid\u0151s t\u00f6bbc\u00e9l\u00fa Egyes\u00fcletet tagk\u00e9nt hivatalosan is egyhang\u00falag elfogadta.<\/p>\n<p>A rendezv\u00e9ny kiemelt c\u00e9lja volt tov\u00e1bb\u00e1 az augusztusi Kagawa szemin\u00e1rium t\u00e1mogat\u00e1sa, ahol k\u00f6zel 50eFt-ot siker\u00fclt gy\u0171jten\u00fcnk. K\u00f6sz\u00f6nj\u00fck sz\u00e9pen a r\u00e9szv\u00e9telt \u00e9s a t\u00e1mogat\u00e1st. F\u00e9nyk\u00e9pek hamarosan itt a honlapon, illetve Facebook oldalunkon.<\/p>\n","protected":false},"excerpt":{"rendered":"<p>2013.febru\u00e1r 16.-\u00e1n Budapesten ker\u00fclt megrendez\u00e9sre Csal\u00e1di Nap \u00e9s \u00f6sszevont edz\u00e9s, mely programunk kett\u0151s c\u00e9lja a fiatal karat\u00e9sok \u00e9s sz\u00fcleik egy\u00fcttes megmozgat\u00e1sa \u00e9s a JKS Magyarorsz\u00e1g edz\u0151inek bemutatkoz\u00e1sa volt. Az edz\u00e9s els\u0151 \u00f3r\u00e1j\u00e1ban Sz\u00f6vets\u00e9g\u00fcnk legfiatalabb karat\u00e9k\u00e1i egy\u00fctt edzhettek sz\u00fcleikkel \u00e9s v\u00e1llalkoz\u00f3 kedv\u0171 hozz\u00e1tartoz\u00f3ikkal, mely lehet\u0151s\u00e9ggel szerencs\u00e9re majd&#8217; mindenki \u00e9lt is, \u00edgy nemcsak a gyerekek \u00f6r\u00fclhettek a &hellip; <a href=\"https:\/\/www.jks.hu\/?p=569\" class=\"more-link\"><span class=\"screen-reader-text\">JKS Csal\u00e1di Nap<\/span> b\u0151vebben&#8230; <span class=\"meta-nav\">&rarr;<\/span><\/a><\/p>\n","protected":false},"author":1,"featured_media":573,"comment_status":"closed","ping_status":"closed","sticky":false,"template":"","format":"standard","meta":{"footnotes":""},"categories":[1],"tags":[],"class_list":["post-569","post","type-post","status-publish","format-standard","has-post-thumbnail","hentry","category-nincs-kategorizalva"],"_links":{"self":[{"href":"https:\/\/www.jks.hu\/index.php?rest_route=\/wp\/v2\/posts\/569","targetHints":{"allow":["GET"]}}],"collection":[{"href":"https:\/\/www.jks.hu\/index.php?rest_route=\/wp\/v2\/posts"}],"about":[{"href":"https:\/\/www.jks.hu\/index.php?rest_route=\/wp\/v2\/types\/post"}],"author":[{"embeddable":true,"href":"https:\/\/www.jks.hu\/index.php?rest_route=\/wp\/v2\/users\/1"}],"replies":[{"embeddable":true,"href":"https:\/\/www.jks.hu\/index.php?rest_route=%2Fwp%2Fv2%2Fcomments&post=569"}],"version-history":[{"count":4,"href":"https:\/\/www.jks.hu\/index.php?rest_route=\/wp\/v2\/posts\/569\/revisions"}],"predecessor-version":[{"id":571,"href":"https:\/\/www.jks.hu\/index.php?rest_route=\/wp\/v2\/posts\/569\/revisions\/571"}],"wp:featuredmedia":[{"embeddable":true,"href":"https:\/\/www.jks.hu\/index.php?rest_route=\/wp\/v2\/media\/573"}],"wp:attachment":[{"href":"https:\/\/www.jks.hu\/index.php?rest_route=%2Fwp%2Fv2%2Fmedia&parent=569"}],"wp:term":[{"taxonomy":"category","embeddable":true,"href":"https:\/\/www.jks.hu\/index.php?rest_route=%2Fwp%2Fv2%2Fcategories&post=569"},{"taxonomy":"post_tag","embeddable":true,"href":"https:\/\/www.jks.hu\/index.php?rest_route=%2Fwp%2Fv2%2Ftags&post=569"}],"curies":[{"name":"wp","href":"https:\/\/api.w.org\/{rel}","templated":true}]}}