{"id":558,"date":"2013-02-03T17:47:18","date_gmt":"2013-02-03T17:47:18","guid":{"rendered":"http:\/\/www.jks.hu\/?p=558"},"modified":"2013-02-03T17:53:46","modified_gmt":"2013-02-03T17:53:46","slug":"tovabbi-vizsgasikerek-hild-dojo","status":"publish","type":"post","link":"https:\/\/www.jks.hu\/?p=558","title":{"rendered":"Tov\u00e1bbi vizsgasikerek&#8230;Hild Dojo"},"content":{"rendered":"<p>Janu\u00e1r utols\u00f3 napj\u00e1n a belv\u00e1rosi Hild Doj\u00f3 karat\u00e9k\u00e1i is bizony\u00edtott\u00e1k a karat\u00e9ban megszerzett technikai j\u00e1rtass\u00e1gukat \u00e9s k\u00f6zel harmincan tettek sikeres \u00f6vvizsg\u00e1t. A vizsg\u00e1z\u00f3k k\u00f6z\u00fcl az id\u00e9n kezdett karat\u00e9k\u00e1k 9.kyu, m\u00edg a halad\u00f3bb karat\u00e9k\u00e1k 8. \u00e9s 7. kyu fokozatokat szereztek.<!--more--><\/p>\n<p>A vizsg\u00e1n a karat\u00e9k\u00e1k annak ellen\u00e9re, hogy izgultak, nagy odaad\u00e1ssal \u00e9s odafigyel\u00e9ssel teljes\u00edtett\u00e9k a vizsgaanyagban r\u00f6gz\u00edtett elv\u00e1r\u00e1sokat. Nagyban emelte a rendezv\u00e9ny szinvonal\u00e1t, hogy a legt\u00f6bb karat\u00e9k\u00e1t sz\u00fcl\u0151k \u00e9s nagysz\u00fcl\u0151k is elk\u00eds\u00e9rt\u00e9k a fontos rendezv\u00e9nyre, \u00edgy mindenki \u00e9rezhette az szor\u00edt\u00e1sban-izgul\u00e1sban rejl\u0151 t\u00f6bbleter\u0151t. Tov\u00e1bbi j\u00f3 edz\u00e9seket \u00e9s kitart\u00f3 gyakorl\u00e1st k\u00edv\u00e1nunk. Legk\u00f6zelebb febru\u00e1r 16.-\u00e1n tal\u00e1lkozunk -rem\u00e9lj\u00fck a legt\u00f6bb sz\u00fcl\u0151vel egy\u00fctt- a Csal\u00e1di Nap \u00e9s \u00d6sszevont edz\u00e9s keret\u00e9ben.<\/p>\n<p style=\"text-align: center;\"><a href=\"http:\/\/www.jks.hu\/wp-content\/uploads\/2013\/02\/DSC_0217.jpg\" rel=\"lightbox[558]\"><img loading=\"lazy\" decoding=\"async\" class=\"aligncenter  wp-image-560\" alt=\"DSC_0217\" src=\"http:\/\/www.jks.hu\/wp-content\/uploads\/2013\/02\/DSC_0217-1024x685.jpg\" width=\"717\" height=\"479\" srcset=\"https:\/\/www.jks.hu\/wp-content\/uploads\/2013\/02\/DSC_0217-1024x685.jpg 1024w, https:\/\/www.jks.hu\/wp-content\/uploads\/2013\/02\/DSC_0217-300x200.jpg 300w, https:\/\/www.jks.hu\/wp-content\/uploads\/2013\/02\/DSC_0217.jpg 1936w\" sizes=\"auto, (max-width: 717px) 100vw, 717px\" \/><\/a><\/p>\n","protected":false},"excerpt":{"rendered":"<p>Janu\u00e1r utols\u00f3 napj\u00e1n a belv\u00e1rosi Hild Doj\u00f3 karat\u00e9k\u00e1i is bizony\u00edtott\u00e1k a karat\u00e9ban megszerzett technikai j\u00e1rtass\u00e1gukat \u00e9s k\u00f6zel harmincan tettek sikeres \u00f6vvizsg\u00e1t. A vizsg\u00e1z\u00f3k k\u00f6z\u00fcl az id\u00e9n kezdett karat\u00e9k\u00e1k 9.kyu, m\u00edg a halad\u00f3bb karat\u00e9k\u00e1k 8. \u00e9s 7. kyu fokozatokat szereztek.<\/p>\n","protected":false},"author":1,"featured_media":559,"comment_status":"closed","ping_status":"closed","sticky":false,"template":"","format":"standard","meta":{"footnotes":""},"categories":[1],"tags":[],"class_list":["post-558","post","type-post","status-publish","format-standard","has-post-thumbnail","hentry","category-nincs-kategorizalva"],"_links":{"self":[{"href":"https:\/\/www.jks.hu\/index.php?rest_route=\/wp\/v2\/posts\/558","targetHints":{"allow":["GET"]}}],"collection":[{"href":"https:\/\/www.jks.hu\/index.php?rest_route=\/wp\/v2\/posts"}],"about":[{"href":"https:\/\/www.jks.hu\/index.php?rest_route=\/wp\/v2\/types\/post"}],"author":[{"embeddable":true,"href":"https:\/\/www.jks.hu\/index.php?rest_route=\/wp\/v2\/users\/1"}],"replies":[{"embeddable":true,"href":"https:\/\/www.jks.hu\/index.php?rest_route=%2Fwp%2Fv2%2Fcomments&post=558"}],"version-history":[{"count":4,"href":"https:\/\/www.jks.hu\/index.php?rest_route=\/wp\/v2\/posts\/558\/revisions"}],"predecessor-version":[{"id":563,"href":"https:\/\/www.jks.hu\/index.php?rest_route=\/wp\/v2\/posts\/558\/revisions\/563"}],"wp:featuredmedia":[{"embeddable":true,"href":"https:\/\/www.jks.hu\/index.php?rest_route=\/wp\/v2\/media\/559"}],"wp:attachment":[{"href":"https:\/\/www.jks.hu\/index.php?rest_route=%2Fwp%2Fv2%2Fmedia&parent=558"}],"wp:term":[{"taxonomy":"category","embeddable":true,"href":"https:\/\/www.jks.hu\/index.php?rest_route=%2Fwp%2Fv2%2Fcategories&post=558"},{"taxonomy":"post_tag","embeddable":true,"href":"https:\/\/www.jks.hu\/index.php?rest_route=%2Fwp%2Fv2%2Ftags&post=558"}],"curies":[{"name":"wp","href":"https:\/\/api.w.org\/{rel}","templated":true}]}}