{"id":537,"date":"2012-12-23T11:57:27","date_gmt":"2012-12-23T11:57:27","guid":{"rendered":"http:\/\/www.jks.hu\/?p=537"},"modified":"2012-12-23T11:57:27","modified_gmt":"2012-12-23T11:57:27","slug":"uj-egyesulet-a-jks-magyarorszag-szovetsegben","status":"publish","type":"post","link":"https:\/\/www.jks.hu\/?p=537","title":{"rendered":"\u00daj Egyes\u00fclet a JKS Magyarorsz\u00e1g Sz\u00f6vets\u00e9gben"},"content":{"rendered":"<p>\u00daj Egyes\u00fclet jelezte felv\u00e9teli sz\u00e1nd\u00e9k\u00e1t a JKS Magarorsz\u00e1g Sz\u00f6vets\u00e9gbe. A Kagawa Sensei \u00e1ltal vezetett jap\u00e1n sz\u00e9khely\u0171 shotokan vil\u00e1gsz\u00f6vets\u00e9g magyarorsz\u00e1gi csoportja \u00edgy mind szakmai, mind egy\u00e9b tekintetben tov\u00e1bb er\u0151s\u00f6dik.<\/p>\n<p><!--more-->A Sensei Guzor\u00e1n Attila [4.dan] \u00e1ltal vezetett Szeksz\u00e1rd \u00e9s K\u00f6rny\u00e9ke Szabadid\u0151s T\u00f6bbc\u00e9l\u00fa Egyes\u00fclet Karate Szakoszt\u00e1ly\u00e1val a k\u00f6z\u00f6s munka m\u00e1r meg is kezd\u0151d\u00f6tt, a 2013-as \u00e9v els\u0151 negyed\u00e9ben \u00edgy t\u00f6bb Tolna megyei k\u00f6z\u00f6s programra lehet sz\u00e1m\u00edtani -k\u00f6z\u00f6s edz\u00e9sek, \u00f6vvizsg\u00e1k, h\u00e1zi versenyek&#8230;stb.<\/p>\n<p>Sok szeretettel k\u00f6sz\u00f6ntj\u00fck a Szeksz\u00e1rdiakat, J\u00f3 edz\u00e9seket&#8230;Oss.<\/p>\n<p>Sz\u00f6vets\u00e9g\u00fcnk tov\u00e1bbra is v\u00e1rja a JKS Magyarorsz\u00e1g sz\u00f6vets\u00e9ggel egy\u00fcttgondolkodni \u00e9s egy\u00fcttm\u0171k\u00f6dni k\u00edv\u00e1n\u00f3 egyes\u00fcleteket.<\/p>\n<p><strong>Szeksz\u00e1rd \u00e9s K\u00f6rny\u00e9ke Szabadid\u0151s T\u00f6bbc\u00e9l\u00fa Egyes\u00fclet Karate Szakoszt\u00e1ly<\/strong><\/p>\n<p>Edz\u0151: Guzor\u00e1n Attila 4.dan<br \/>\n+36 \/20\/5295254<br \/>\n<a href=\"http:\/\/karateszekszard.mindenkilapja.hu\/\">http:\/\/karateszekszard.mindenkilapja.hu<\/a><\/p>\n<p>Katolikus Iskola -volt Garay \u00c1lt. Iskola-<br \/>\nSzerda 16.30-18.00<br \/>\nP\u00e9ntek 16.30-18.00<\/p>\n<p>&nbsp;<\/p>\n","protected":false},"excerpt":{"rendered":"<p>\u00daj Egyes\u00fclet jelezte felv\u00e9teli sz\u00e1nd\u00e9k\u00e1t a JKS Magarorsz\u00e1g Sz\u00f6vets\u00e9gbe. A Kagawa Sensei \u00e1ltal vezetett jap\u00e1n sz\u00e9khely\u0171 shotokan vil\u00e1gsz\u00f6vets\u00e9g magyarorsz\u00e1gi csoportja \u00edgy mind szakmai, mind egy\u00e9b tekintetben tov\u00e1bb er\u0151s\u00f6dik.<\/p>\n","protected":false},"author":1,"featured_media":538,"comment_status":"closed","ping_status":"closed","sticky":false,"template":"","format":"standard","meta":{"footnotes":""},"categories":[1],"tags":[],"class_list":["post-537","post","type-post","status-publish","format-standard","has-post-thumbnail","hentry","category-nincs-kategorizalva"],"_links":{"self":[{"href":"https:\/\/www.jks.hu\/index.php?rest_route=\/wp\/v2\/posts\/537","targetHints":{"allow":["GET"]}}],"collection":[{"href":"https:\/\/www.jks.hu\/index.php?rest_route=\/wp\/v2\/posts"}],"about":[{"href":"https:\/\/www.jks.hu\/index.php?rest_route=\/wp\/v2\/types\/post"}],"author":[{"embeddable":true,"href":"https:\/\/www.jks.hu\/index.php?rest_route=\/wp\/v2\/users\/1"}],"replies":[{"embeddable":true,"href":"https:\/\/www.jks.hu\/index.php?rest_route=%2Fwp%2Fv2%2Fcomments&post=537"}],"version-history":[{"count":1,"href":"https:\/\/www.jks.hu\/index.php?rest_route=\/wp\/v2\/posts\/537\/revisions"}],"predecessor-version":[{"id":539,"href":"https:\/\/www.jks.hu\/index.php?rest_route=\/wp\/v2\/posts\/537\/revisions\/539"}],"wp:featuredmedia":[{"embeddable":true,"href":"https:\/\/www.jks.hu\/index.php?rest_route=\/wp\/v2\/media\/538"}],"wp:attachment":[{"href":"https:\/\/www.jks.hu\/index.php?rest_route=%2Fwp%2Fv2%2Fmedia&parent=537"}],"wp:term":[{"taxonomy":"category","embeddable":true,"href":"https:\/\/www.jks.hu\/index.php?rest_route=%2Fwp%2Fv2%2Fcategories&post=537"},{"taxonomy":"post_tag","embeddable":true,"href":"https:\/\/www.jks.hu\/index.php?rest_route=%2Fwp%2Fv2%2Ftags&post=537"}],"curies":[{"name":"wp","href":"https:\/\/api.w.org\/{rel}","templated":true}]}}