{"id":518,"date":"2012-12-17T10:49:16","date_gmt":"2012-12-17T10:49:16","guid":{"rendered":"http:\/\/www.jks.hu\/?p=518"},"modified":"2012-12-17T10:52:08","modified_gmt":"2012-12-17T10:52:08","slug":"ujabb-jks-danvizsga","status":"publish","type":"post","link":"https:\/\/www.jks.hu\/?p=518","title":{"rendered":"\u00dajabb JKS danvizsga"},"content":{"rendered":"<p>Ism\u00e9t b\u0151v\u00fclt a magyar JKS danosok sz\u00e1ma. Samu Istv\u00e1n a fert\u0151di samur\u00e1j shotokan dojo vezet\u0151je \u00cdrorsz\u00e1gban a Scott Langley sensei \u00e1ltal vezetett bizotts\u00e1g el\u0151tt tett tan\u00fabizonys\u00e1got megszerzett tud\u00e1s\u00e1nak szintj\u00e9r\u0151l. Saj\u00e1t \u00e9lm\u00e9nybesz\u00e1mol\u00f3j\u00e1t v\u00e1ltoztat\u00e1s n\u00e9lk\u00fcl k\u00f6z\u00f6lj\u00fck.<\/p>\n<p><!--more--><\/p>\n<p>&#8222;Ireland, Dublin<\/p>\n<p><a href=\"tel:28.%2012.%202012\">28. 12. 2012<\/a>.<\/p>\n<p>2012 November 28-\u00e1n este landoltam Dublinban, Irorsz\u00e1gban, azzal a c\u00e9llal, hogy letegyem t\u00f6bb mint 20 \u00e9v munk\u00e1j\u00e1nak gy\u00fcm\u00f6lcs\u00e9t &#8222;kuro obit&#8221;a mesterem enged\u00e9ly\u00e9vel ism\u00e9t nekifutottam a dan vizsg\u00e1nak&#8230;.Most siker\u00fclnie kell jelszavakkal!!!! M\u00e1snap hajnalban P\u00e1lma megetetett hagyom\u00e1nyos \u00cdr reggelivel (ami nem semmi mennyis\u00e9g ), azt\u00e1n ficcent\u00fcnk le a Hombu dojoba \u00a0P\u00e1lma szok\u00e1sos reggeli danos edz\u00e9s\u00e9re. A Scott megl\u00e1tott \u00e9s ruh\u00e1t k\u00f6lcs\u00f6n adva be\u00e1ll\u00edtott edzeni ami sz\u00e1momra \u00f3ri\u00e1si megtiszteltet\u00e9s volt, mert itt csak \u00e9s kiz\u00e1r\u00f3lag danosok edzhetnek. Aznap d\u00e9lut\u00e1n ism\u00e9t edzhettem a r\u00e9gi id\u0151ket id\u00e9zve mesteremmel. Ugyanis P\u00e1lma tartotta a h\u00e1rom gyerek edz\u00e9s ut\u00e1n a feln\u0151tt edz\u00e9st is. \u00c1tism\u00e9telt\u00fck a kyu vizsga anyag\u00e1t, term\u00e9szetesen ahogy \u0150 t\u00f6bbsz\u00f6r hangs\u00falyozta a JKS elv\u00e1r\u00e1sainak megfelel\u0151en. Ezt term\u00e9szetesen egy hangulatos kocsmai besz\u00e9lget\u00e9s folytatta. Itt megismerhettem k\u00f6zelebbr\u0151l is a Hombu dojo tan\u00edtv\u00e1nyokat. Nagyszer\u0171 \u00e9s bar\u00e1ts\u00e1gos embereket ismertem meg akik szeretettel fogadtak. Rem\u00e9lem, hogy hamarosan ism\u00e9t tal\u00e1lkozunk. Valamint abban a megtiszteltet\u00e9sben volt r\u00e9szem, hogy egy\u00fctt s\u00f6r\u00f6zhettem Kitagawa sensei-el \u00e9s feles\u00e9g\u00e9vel Mimivel \u00e9s Mesteremmel a Guiness gy\u00e1rban ahova kev\u00e9ske szabadid\u0151nkben egy\u00fctt l\u00e1togattunk el.<\/p>\n<p>M\u00e1snap reggel (az \u00cdr reggelit k\u00f6vet\u0151en) elkir\u00e1ndultunk Howth-ra, mely ahogy a P\u00e1lma elmes\u00e9lte egy tipikus \u00cdr tengerparti v\u00e1roska. Nagyon tetszett \u00e9s a v\u00e9g\u00e9n m\u00e9g a mesteremet meg is invit\u00e1lhattam egy s\u00f6rre. Ut\u00e1na persze ir\u00e1ny vissza a dojoba, ahol m\u00e9g egyszer \u00e1tn\u00e9zte P\u00e1lma a kihonomat \u00e9s kataimat.<br \/>\nIzgalommal v\u00e1rtam a m\u00e1snap reggelt, amikor \u00e9n is felsorakozhattam a 240 vizsg\u00e1z\u00f3 k\u00f6z\u00e9&#8230;<\/p>\n<p>Nagy \u00f6r\u00f6mmel vettem tudom\u00e1sul, hogy szurkol\u00f3 t\u00e1borom is van: \u00a0P\u00e9ter, N\u00f3ri \u00e9s Kata, a r\u00e9gi sportt\u00e1rsaim szem\u00e9ly\u00e9ben akik miattam j\u00f6ttek el am\u00fagy nem lettek volna ott!! P\u00e9nzt, f\u00e1radts\u00e1got, id\u0151t \u00e9s utaz\u00e1st nem k\u00edm\u00e9lve \u00e9rkeztek ide az\u00e9rt, hogy jelenl\u00e9t\u00fckkel is seg\u00edts\u00e9k a vizsg\u00e1mat! M\u00e9g az utols\u00f3 pillanatokban is sok j\u00f3 tan\u00e1csot kaptam T\u0151l\u00fck.<\/p>\n<p>A vizsg\u00e1t megel\u0151z\u0151en k\u00e9tszer 2 \u00f3r\u00e1s r\u00e1vezet\u0151 gyakorlatokkal tark\u00edtva edz\u00e9sek voltak melyet csoportokra osztva instruktorok vezettek: sensei Takeshi Kitagawa 6. Dan New Jersey,USA, sensei, Alan Campbell 6. Dan J.K.S. England,John Shanahan J.K.S. 5. Dan England, \u00a0sensei Scott Langley J.K.S. 5. Dan, Technikai Igazgat\u00f3, Instruktor, England-Ireland, sensei Di\u00f3si P\u00e1lma J.K.S. 4. Dan, Ireland Hombu Dojo, Mark Sheridan J.K.S. 4. Dan Ireland Hombu Dojo.<\/p>\n<p>A vizsgabizotts\u00e1got is \u0150k alkott\u00e1k. A vizsg\u00e1ra d\u00e9lut\u00e1n 16.00 kor ker\u00fclt sor. A kihon, Kata \u00e9s kumite gyakorlatokat kiv\u00e9tel n\u00e9lk\u00fcl majdnem mindenki sikeresen \u00e9s a fokozatnak megfelel\u0151en teljes\u00edtette.<\/p>\n<p>Ez\u00faton szeretn\u00e9k k\u00f6sz\u00f6netet mondani mesteremnek Di\u00f3si P\u00e1lm\u00e1nak az \u00e1ldozatos \u00e9s kitart\u00f3 munk\u00e1j\u00e1\u00e9rt, bar\u00e1ts\u00e1g\u00e1\u00e9rt\u00a0 valamint a felk\u00e9sz\u00fcl\u00e9semet seg\u00edt\u0151 Instruktoroknak: Kitagawa sensei, Alan sensei, John sensei, Scott sensei, Mark sensei, valamint sensei Herceg Bal\u00e1zsnak a J.K.S. szervezet Magyarorsz\u00e1gi vezet\u0151j\u00e9nek \u00e9s volt sportt\u00e1rsaimnak akik nagyban seg\u00edtett\u00e9k munk\u00e1mat.<\/p>\n<p><b><i>Egyet m\u00e9g\u00a0 gyakorolnom kell \u00e9s az az al\u00e1zat &#8230;.ezt a tan\u00e1csot kaptam mesteremt\u0151l\/bar\u00e1tomt\u00f3l aki a karat\u00e9nak \u00e9l imm\u00e1r 28 \u00e9ve \u00e9s egy vil\u00e1gklasszis mesterrel dolgozhat egy\u00fctt.<\/i><\/b><\/p>\n<p>Ennek\u00a0f\u00e9ny\u00e9ben fogom nevelni \u00e9s oktatni tan\u00edtv\u00e1nyaimat, hogy\u00a0k\u00f6vet\u0151i legyenek ennek a szellemnek \u00e9s \u00f6regb\u00edts\u00e9k h\u00edrnev\u00fcnket az orsz\u00e1g hat\u00e1rain bel\u00fcl \u00e9s azon t\u00fal is.<\/p>\n<p>&nbsp;<\/p>\n<p>OSU!&#8221;<\/p>\n<p><img loading=\"lazy\" decoding=\"async\" class=\"aligncenter size-medium wp-image-520\" alt=\"IMG_0080\" src=\"http:\/\/www.jks.hu\/wp-content\/uploads\/2012\/12\/IMG_0080-300x225.jpg\" width=\"300\" height=\"225\" srcset=\"https:\/\/www.jks.hu\/wp-content\/uploads\/2012\/12\/IMG_0080-300x225.jpg 300w, https:\/\/www.jks.hu\/wp-content\/uploads\/2012\/12\/IMG_0080-1024x768.jpg 1024w, https:\/\/www.jks.hu\/wp-content\/uploads\/2012\/12\/IMG_0080.jpg 2048w\" sizes=\"auto, (max-width: 300px) 100vw, 300px\" \/> <img loading=\"lazy\" decoding=\"async\" class=\"aligncenter size-medium wp-image-521\" alt=\"IMG_0053\" src=\"http:\/\/www.jks.hu\/wp-content\/uploads\/2012\/12\/IMG_0053-225x300.jpg\" width=\"225\" height=\"300\" srcset=\"https:\/\/www.jks.hu\/wp-content\/uploads\/2012\/12\/IMG_0053-225x300.jpg 225w, https:\/\/www.jks.hu\/wp-content\/uploads\/2012\/12\/IMG_0053-768x1024.jpg 768w, https:\/\/www.jks.hu\/wp-content\/uploads\/2012\/12\/IMG_0053.jpg 1536w\" sizes=\"auto, (max-width: 225px) 100vw, 225px\" \/> <img loading=\"lazy\" decoding=\"async\" class=\"aligncenter size-medium wp-image-522\" alt=\"SAMSUNG\" src=\"http:\/\/www.jks.hu\/wp-content\/uploads\/2012\/12\/2012-12-01-17.04.33-225x300.jpg\" width=\"225\" height=\"300\" srcset=\"https:\/\/www.jks.hu\/wp-content\/uploads\/2012\/12\/2012-12-01-17.04.33-225x300.jpg 225w, https:\/\/www.jks.hu\/wp-content\/uploads\/2012\/12\/2012-12-01-17.04.33-768x1024.jpg 768w, https:\/\/www.jks.hu\/wp-content\/uploads\/2012\/12\/2012-12-01-17.04.33.jpg 1200w\" sizes=\"auto, (max-width: 225px) 100vw, 225px\" \/><\/p>\n","protected":false},"excerpt":{"rendered":"<p>Ism\u00e9t b\u0151v\u00fclt a magyar JKS danosok sz\u00e1ma. Samu Istv\u00e1n a fert\u0151di samur\u00e1j shotokan dojo vezet\u0151je \u00cdrorsz\u00e1gban a Scott Langley sensei \u00e1ltal vezetett bizotts\u00e1g el\u0151tt tett tan\u00fabizonys\u00e1got megszerzett tud\u00e1s\u00e1nak szintj\u00e9r\u0151l. Saj\u00e1t \u00e9lm\u00e9nybesz\u00e1mol\u00f3j\u00e1t v\u00e1ltoztat\u00e1s n\u00e9lk\u00fcl k\u00f6z\u00f6lj\u00fck.<\/p>\n","protected":false},"author":1,"featured_media":519,"comment_status":"closed","ping_status":"closed","sticky":false,"template":"","format":"standard","meta":{"footnotes":""},"categories":[1],"tags":[],"class_list":["post-518","post","type-post","status-publish","format-standard","has-post-thumbnail","hentry","category-nincs-kategorizalva"],"_links":{"self":[{"href":"https:\/\/www.jks.hu\/index.php?rest_route=\/wp\/v2\/posts\/518","targetHints":{"allow":["GET"]}}],"collection":[{"href":"https:\/\/www.jks.hu\/index.php?rest_route=\/wp\/v2\/posts"}],"about":[{"href":"https:\/\/www.jks.hu\/index.php?rest_route=\/wp\/v2\/types\/post"}],"author":[{"embeddable":true,"href":"https:\/\/www.jks.hu\/index.php?rest_route=\/wp\/v2\/users\/1"}],"replies":[{"embeddable":true,"href":"https:\/\/www.jks.hu\/index.php?rest_route=%2Fwp%2Fv2%2Fcomments&post=518"}],"version-history":[{"count":4,"href":"https:\/\/www.jks.hu\/index.php?rest_route=\/wp\/v2\/posts\/518\/revisions"}],"predecessor-version":[{"id":526,"href":"https:\/\/www.jks.hu\/index.php?rest_route=\/wp\/v2\/posts\/518\/revisions\/526"}],"wp:featuredmedia":[{"embeddable":true,"href":"https:\/\/www.jks.hu\/index.php?rest_route=\/wp\/v2\/media\/519"}],"wp:attachment":[{"href":"https:\/\/www.jks.hu\/index.php?rest_route=%2Fwp%2Fv2%2Fmedia&parent=518"}],"wp:term":[{"taxonomy":"category","embeddable":true,"href":"https:\/\/www.jks.hu\/index.php?rest_route=%2Fwp%2Fv2%2Fcategories&post=518"},{"taxonomy":"post_tag","embeddable":true,"href":"https:\/\/www.jks.hu\/index.php?rest_route=%2Fwp%2Fv2%2Ftags&post=518"}],"curies":[{"name":"wp","href":"https:\/\/api.w.org\/{rel}","templated":true}]}}