{"id":497,"date":"2012-11-04T08:57:46","date_gmt":"2012-11-04T08:57:46","guid":{"rendered":"http:\/\/www.jks.hu\/?p=497"},"modified":"2012-12-17T11:03:03","modified_gmt":"2012-12-17T11:03:03","slug":"kozos-edzes-es-haziverseny","status":"publish","type":"post","link":"https:\/\/www.jks.hu\/?p=497","title":{"rendered":"K\u00f6z\u00f6s edz\u00e9s \u00e9s h\u00e1ziverseny"},"content":{"rendered":"<p>2012. november 3.-\u00e1n ker\u00fclt sor a Soproni Rend\u00e9szeti Sportegyes\u00fclet szervez\u00e9s\u00e9ben megrendez\u00e9sre ker\u00fclt I. SRSE Kupa, melyen a t\u00e9rs\u00e9gi \u00f6sszefog\u00e1s \u00e9s szakmai egy\u00fcttm\u0171k\u00f6d\u00e9s hangs\u00falyoz\u00e1sak\u00e9pp k\u00e9t szervezet (SKIH-JKS) h\u00e1rom egyes\u00fclet\u00e9nek kezd\u0151 tan\u00edtv\u00e1nyai m\u00e9rt\u00e9k \u00f6ssze tud\u00e1sukat. A versenyz\u0151k Sopronb\u00f3l, Fert\u0151dr\u0151l \u00e9s \u00c1gfalv\u00e1r\u00f3l \u00e9rkeztek, s a legkisebb \u00f3vod\u00e1sokt\u00f3l a feln\u0151ttekig kipr\u00f3b\u00e1lt\u00e1k magukat \u00e9s tud\u00e1sukat versenyk\u00f6r\u00fclm\u00e9nyek k\u00f6z\u00f6tt. A verseny c\u00e9lja, miszerint a legfiatalabbak is megismerkedhessenek a karate versenyrendszer\u00e9vel, a versenyz\u00e9s hangulat\u00e1val \u00e9s a b\u00edr\u00f3i jelekkel marad\u00e9ktalanul teljes\u00fclt. J\u00f3 hangulat\u00fa, tanuls\u00e1gokban b\u0151velked\u0151 versenynek lehett\u00fcnk tan\u00fai.<\/p>\n<p><a href=\"http:\/\/www.jks.hu\/wp-content\/uploads\/2012\/11\/149886_462502520467116_1793571406_n-001.jpg\" rel=\"lightbox[497]\"><img loading=\"lazy\" decoding=\"async\" class=\"aligncenter size-medium wp-image-500\" title=\"149886_462502520467116_1793571406_n-001\" alt=\"\" src=\"http:\/\/www.jks.hu\/wp-content\/uploads\/2012\/11\/149886_462502520467116_1793571406_n-001-300x225.jpg\" width=\"300\" height=\"225\" srcset=\"https:\/\/www.jks.hu\/wp-content\/uploads\/2012\/11\/149886_462502520467116_1793571406_n-001-300x225.jpg 300w, https:\/\/www.jks.hu\/wp-content\/uploads\/2012\/11\/149886_462502520467116_1793571406_n-001.jpg 826w\" sizes=\"auto, (max-width: 300px) 100vw, 300px\" \/><\/a><\/p>\n<p>&nbsp;<\/p>\n<p><!--more--><\/p>\n<p>A verseny el\u0151tt Herczeg Sensei &#8211; a JKS Mo. vezet\u0151je- tartott a kihon ippon kumite elveire \u00e9p\u00fcl\u0151 edz\u00e9st, ahol a klasszikus kontrat\u00e1mad\u00e1sok mellett Kanazawa Sensei &#8222;2&#8221;-es uke v\u00e1lasz csoportj\u00e1t \u00e9s -term\u00e9szetesen- speci\u00e1lis megold\u00e1sokat is megismerhett\u00fcnk. Az edz\u00e9sen minden r\u00e9sztvev\u0151 lelkesen, j\u00f3 hozz\u00e1\u00e1ll\u00e1st tanus\u00edtva vett r\u00e9szt, mindenki megfelel\u0151en r\u00e1hangol\u00f3dott a versenyre.<\/p>\n<p><a href=\"http:\/\/www.jks.hu\/wp-content\/uploads\/2012\/11\/406815_462458863804815_1584779463_n-001.jpg\" rel=\"lightbox[497]\"><img loading=\"lazy\" decoding=\"async\" class=\"aligncenter size-medium wp-image-499\" title=\"406815_462458863804815_1584779463_n-001\" alt=\"\" src=\"http:\/\/www.jks.hu\/wp-content\/uploads\/2012\/11\/406815_462458863804815_1584779463_n-001-300x225.jpg\" width=\"300\" height=\"225\" srcset=\"https:\/\/www.jks.hu\/wp-content\/uploads\/2012\/11\/406815_462458863804815_1584779463_n-001-300x225.jpg 300w, https:\/\/www.jks.hu\/wp-content\/uploads\/2012\/11\/406815_462458863804815_1584779463_n-001.jpg 808w\" sizes=\"auto, (max-width: 300px) 100vw, 300px\" \/><\/a><\/p>\n<p>Az eredm\u00e9nyek:<\/p>\n<p>I. csoport \u00f3vod\u00e1sok \u2013 j\u00e1t\u00e9kos versenyek<br \/>\n1. R\u00f3th M\u00e1t\u00e9<br \/>\n2. Bendekovics Dorka<br \/>\n3. Czir\u00f3k M\u00e1rk<br \/>\n4. Bendekovics B\u00e1lint<br \/>\n5. Szab\u00f3 M\u00e1t\u00e9<br \/>\n6. Kiss Benedek<\/p>\n<div>7. Szab\u00f3 Bence<br \/>\n8. Kir\u00e1ly LeventeIII. korcsoport 10+ \u00e9vesek 10.kyu kihon<br \/>\n1. Kiss Andr\u00e1s<br \/>\n2. Kir\u00e1ly Zolt\u00e1n<br \/>\n3. Kir\u00e1ly Zsanett<\/p>\n<p>IV. korcsoport 6-9 \u00e9vesek 9-8. kyu KATA<br \/>\n1. Bozzai Bence<br \/>\n2. Izs\u00f3 Roland<br \/>\n3. Kiss Fl\u00f3ra<br \/>\n4. Irinkov Dimiter<\/p>\n<p>IV. korcsoport 6-9 \u00e9vesek 9-8. kyu KIHON IPPON KUMITE<br \/>\n1. Bozzai Bence<br \/>\n2. Izs\u00f3 Roland<br \/>\n3. Kiss Fl\u00f3ra<br \/>\n4. Irinkov Dimiter<\/p>\n<p>V. korcsoport 10+ \u00e9vesek 9-8. kyu KATA<br \/>\n1. Szerelem Nikolett<br \/>\n2. Vadas Zolt\u00e1n<br \/>\n3. Huszti G\u00e1bor \u00e9s G\u00e1ncs D\u00e1vid<\/p>\n<p>V. korcsoport 10+ \u00e9vesek 9-8. kyu KIHON IPPON KUMITE<br \/>\n1. Zseb\u0151k Cintia<br \/>\n2. \u00c1rki No\u00e9mi<br \/>\n3. Szerelem Nikolett<br \/>\n4. Vadas Zolt\u00e1n<\/p>\n<p>VII. korcsoport 10+ \u00e9vesek 7.kyut\u00f3l KATA<br \/>\n1. Szab\u00f3 Dorina<br \/>\n2. G\u00e1ncs Adrienn<br \/>\n3. Moln\u00e1r Rich\u00e1rd<br \/>\n4. G\u00e1ncs Kriszti\u00e1n<\/p>\n<p>VII. korcsoport 10+ \u00e9vesek 7.kyut\u00f3l KIHON IPPON KUMITE<br \/>\n1. Szab\u00f3 Dorina<br \/>\n2. G\u00e1ncs Kriszti\u00e1n<br \/>\n3. Egerv\u00e1ri F\u00fcl\u00f6p<br \/>\n4. Moln\u00e1r Rich\u00e1rd<\/p>\n<\/div>\n","protected":false},"excerpt":{"rendered":"<p>2012. november 3.-\u00e1n ker\u00fclt sor a Soproni Rend\u00e9szeti Sportegyes\u00fclet szervez\u00e9s\u00e9ben megrendez\u00e9sre ker\u00fclt I. SRSE Kupa, melyen a t\u00e9rs\u00e9gi \u00f6sszefog\u00e1s \u00e9s szakmai egy\u00fcttm\u0171k\u00f6d\u00e9s hangs\u00falyoz\u00e1sak\u00e9pp k\u00e9t szervezet (SKIH-JKS) h\u00e1rom egyes\u00fclet\u00e9nek kezd\u0151 tan\u00edtv\u00e1nyai m\u00e9rt\u00e9k \u00f6ssze tud\u00e1sukat. A versenyz\u0151k Sopronb\u00f3l, Fert\u0151dr\u0151l \u00e9s \u00c1gfalv\u00e1r\u00f3l \u00e9rkeztek, s a legkisebb \u00f3vod\u00e1sokt\u00f3l a feln\u0151ttekig kipr\u00f3b\u00e1lt\u00e1k magukat \u00e9s tud\u00e1sukat versenyk\u00f6r\u00fclm\u00e9nyek k\u00f6z\u00f6tt. A verseny c\u00e9lja, &hellip; <a href=\"https:\/\/www.jks.hu\/?p=497\" class=\"more-link\"><span class=\"screen-reader-text\">K\u00f6z\u00f6s edz\u00e9s \u00e9s h\u00e1ziverseny<\/span> b\u0151vebben&#8230; <span class=\"meta-nav\">&rarr;<\/span><\/a><\/p>\n","protected":false},"author":1,"featured_media":498,"comment_status":"closed","ping_status":"closed","sticky":false,"template":"","format":"standard","meta":{"footnotes":""},"categories":[1],"tags":[],"class_list":["post-497","post","type-post","status-publish","format-standard","has-post-thumbnail","hentry","category-nincs-kategorizalva"],"_links":{"self":[{"href":"https:\/\/www.jks.hu\/index.php?rest_route=\/wp\/v2\/posts\/497","targetHints":{"allow":["GET"]}}],"collection":[{"href":"https:\/\/www.jks.hu\/index.php?rest_route=\/wp\/v2\/posts"}],"about":[{"href":"https:\/\/www.jks.hu\/index.php?rest_route=\/wp\/v2\/types\/post"}],"author":[{"embeddable":true,"href":"https:\/\/www.jks.hu\/index.php?rest_route=\/wp\/v2\/users\/1"}],"replies":[{"embeddable":true,"href":"https:\/\/www.jks.hu\/index.php?rest_route=%2Fwp%2Fv2%2Fcomments&post=497"}],"version-history":[{"count":3,"href":"https:\/\/www.jks.hu\/index.php?rest_route=\/wp\/v2\/posts\/497\/revisions"}],"predecessor-version":[{"id":502,"href":"https:\/\/www.jks.hu\/index.php?rest_route=\/wp\/v2\/posts\/497\/revisions\/502"}],"wp:featuredmedia":[{"embeddable":true,"href":"https:\/\/www.jks.hu\/index.php?rest_route=\/wp\/v2\/media\/498"}],"wp:attachment":[{"href":"https:\/\/www.jks.hu\/index.php?rest_route=%2Fwp%2Fv2%2Fmedia&parent=497"}],"wp:term":[{"taxonomy":"category","embeddable":true,"href":"https:\/\/www.jks.hu\/index.php?rest_route=%2Fwp%2Fv2%2Fcategories&post=497"},{"taxonomy":"post_tag","embeddable":true,"href":"https:\/\/www.jks.hu\/index.php?rest_route=%2Fwp%2Fv2%2Ftags&post=497"}],"curies":[{"name":"wp","href":"https:\/\/api.w.org\/{rel}","templated":true}]}}