{"id":479,"date":"2012-09-25T08:01:03","date_gmt":"2012-09-25T08:01:03","guid":{"rendered":"http:\/\/www.jks.hu\/?p=479"},"modified":"2012-12-17T13:11:12","modified_gmt":"2012-12-17T13:11:12","slug":"jks-europabajnoksag-2012","status":"publish","type":"post","link":"https:\/\/www.jks.hu\/?p=479","title":{"rendered":"JKS Eur\u00f3pabajnoks\u00e1g besz\u00e1mol\u00f3 2012"},"content":{"rendered":"<p>A szeptember 22. 23.-i h\u00e9tv\u00e9g\u00e9n a JKS Magyarorsz\u00e1g kis v\u00e1logatott csoportja Torin\u00f3ba (Olaszo.) utazott az idei JKS Eur\u00f3pabajnoks\u00e1ga \u00e9s Kanayama Kosho Sensei szemin\u00e1rium\u00e1ra. Az utaz\u00e1s mind oda, mind vissza 12-12 \u00f3ra volt a sz\u00e9p \u0151szi Szlov\u00e9ni\u00e1n \u00e9s \u00c9szak-Olaszorsz\u00e1gon kereszt\u00fcl, \u00edgy kell\u0151en \u00e9s kellemesen elf\u00e1radtan \u00e9rkezt\u00fcnk meg mind oda, mind vissza. Aut\u00f3z\u00e1sunkat nem k\u00f6nny\u00edtette meg egy k\u00edv\u00e1l\u00f3 h\u00e1ts\u00f3 defekt \u00e9s az olasz \u00e9s \u00a0torin\u00f3i k\u00f6zleked\u00e9si hat\u00f3s\u00e1g t\u00e1blakihelyez\u00e9si szab\u00e1lyzata sem-ha van ilyen-, ergo t\u00f6bb esetben keveredt\u00fcnk k\u00e9nyszerv\u00e1rosn\u00e9z\u00e9sekbe is.<\/p>\n<p><!--more--><\/p>\n<p>A szombati nap Kanayama Sensei szemin\u00e1rium\u00e1val kezd\u0151d\u00f6tt, ahol az alapok \u00f6sszef\u00e9s\u00fcl\u00e9se (cs\u00edp\u0151, tzuki \u00e9s keri waza) \u00e9s a teljes junro kata sz\u00e9ria ker\u00fclt g\u00f3rcs\u0151 al\u00e1, az\u00e9rt term\u00e9szetesen a sok technika mellett volt id\u0151 fejlesztgetni a l\u00e1bizom erej\u00e9t is. Az edz\u00e9sek ut\u00e1n az orsz\u00e1gokat k\u00e9pvisel\u0151k, b\u00edr\u00f3k \u00e9s edz\u0151k r\u00e9sz\u00e9re t\u00e1j\u00e9koztat\u00e1ra ker\u00fclt sor, ahol t\u00f6bb hasznos inform\u00e1ci\u00f3ra is szert tett\u00fcnk -ld Programok-. A szombati napot a versenyz\u0151k pihen\u00e9ssel, az orsz\u00e1gok vezet\u0151i pedig k\u00f6z\u00f6s bankettel z\u00e1rt\u00e1k.<\/p>\n<p>A verseny hivatalosan a gyermekkateg\u00f3r\u00e1k ut\u00e1ni megnyit\u00f3val kezd\u0151d\u00f6tt, ahol Kanayama Sensei Jiin bemutat\u00f3ja mellett aikido, iaido \u00e9s kendo bemuatat\u00f3k sz\u00ednes\u00edtett\u00e9k az orsz\u00e1gok felsorakoz\u00e1s\u00e1t. A megnyit\u00f3t k\u00f6vett\u00e9k a kata versenysz\u00e1mok, ahol h\u00e1rom kateg\u00f3ri\u00e1ban voltunk \u00e9rintettek (N\u0151i barna \u00f6ves feln\u0151tt &#8211; B Melinda, Csal\u00e1di kata &#8211; Herczeg csal\u00e1d, Feln\u0151tt Koten kata &#8211; Herczeg B). A csal\u00e1di kat\u00e1val kezd\u00fcnk, ahol ugyan a &#8222;Herczegek&#8221; nagyon sz\u00e9p Hangetsu kat\u00e1t mutattak be, azonban a szinkonicit\u00e1s nem volt hib\u00e1tlan, \u00edgy sajnos lemaradtunk a dobog\u00f3r\u00f3l. A n\u0151i kata versenysz\u00e1mban Melinda nagyon sz\u00e9p Heian Yondannal v\u00e9g\u00fcl a dobog\u00f3 harmadik hely\u00e9n k\u00f6t\u00f6tt ki, s szerezte meg haz\u00e1nk els\u0151 \u00e9rm\u00e9t. \u00a0Elfogults\u00e1g n\u00e9lk\u00fcl kijelenthet\u0151, hogy az els\u0151 k\u00e9t helyezett is hasonl\u00f3an \u00e9rt\u00e9kelhet\u0151 kat\u00e1val nyert, nagyon sz\u00e9p verseny volt. A Koten \u00a0-Asai sensei kat\u00e1i- kateg\u00f3ri\u00e1ban Bal\u00e1zs Sensei egy nagyon \u00fcgyes kat\u00e1ssal ker\u00fclt szembe, s sajnos az egy\u00e9bk\u00e9nt viszonylag sz\u00e9p Kashu kat\u00e1j\u00e1ban a nidan gerin\u00e9l hib\u00e1t k\u00f6vetett el, \u00edgy sajnos 3:1 ar\u00e1nyban hamar b\u00facs\u00fazott a kata mez\u0151nyt\u0151l.<\/p>\n<p>A kumite versenysz\u00e1mokat a ffi feln\u0151tt kateg\u00f3ri\u00e1ban H Bal\u00e1zs kezdte, aki az egy\u00e9bk\u00e9nt nem t\u00fal technik\u00e1s orosz ellenfel\u00e9t nem tudta megfogni, sajnos a hosszabb\u00edt\u00e1sban &#8222;belegyalogolt&#8221; egy kizami tsukiba, s \u00edgy sajnos nem jutott tov\u00e1bb. T\u0151le szokatlanul gyenge teljes\u00edtm\u00e9nyt tudott csak leadni. A ffi barna\u00f6ves k\u0171zdelemben H Andr\u00e1s kezdett Belga ellenfel\u00e9vel, ahol igen kem\u00e9ny k\u0171zdelemben -sok adok-kapok ut\u00e1n- sajnos alulmaradt, \u00edgy \u0151 is kiesett. A n\u0151i barna\u00f6ves versenysz\u00e1mban Melinda az els\u0151 k\u00f6rben \u00a0k\u00f6nnyen kikapott sokkal rutinosabb ellenfel\u00e9t\u0151l -aki a kateg\u00f3ri\u00e1t nyerte-, majd a m\u00e1sodik k\u00f6r ut\u00e1n nagyon sz\u00e9p k\u0171zdelemmel \u00e9s egy\u00e9rtelm\u0171 technikai \u00e9s strat\u00e9giai f\u00f6l\u00e9nnyel k\u00f6t\u00f6tt ki a dobog\u00f3 harmadik fok\u00e1n, \u00edgy ism\u00e9t bronz\u00e9rmet vehetett \u00e1t. A m\u00e9rk\u0151z\u00e9s folyam\u00e1n visszavont\u00e1k egy igen sz\u00e9p gyaku tsukij\u00e1t -a b\u00edr\u00f3i panel hib\u00e1ja miatt-, de mivel az utols\u00f3 m\u00e9rk\u0151z\u00e9s vol a versenynapon a b\u00edr\u00e1k f\u00e1rad\u00e1sa f\u00f6l\u00f6tt szemet h\u00fanytunk, a technika sz\u00e9ps\u00e9g\u00e9nek csillog\u00e1sa nem kopott egy kicsit sem.<\/p>\n<p>A JKS Eur\u00f3pa karat\u00e9k\u00e1ival ism\u00e9t egy j\u00f3 hangulat\u00fa versenyt \u00e9s szemin\u00e1riumot tudunk magunk m\u00f6g\u00f6tt, sokat tanultunk \u00e9s minden tekintetben el\u00e9gedettek vagyunk, mind a rendezv\u00e9nnyel, mind a levont tapasztalatokkal. Az \u00f6sszes negat\u00edv pillanat\u00e9rt -ha volt ilyen- bossz\u00fat \u00e1lltunk az olasz konyh\u00e1n, s k\u00edm\u00e9letlen\u00fcl puszt\u00edtottuk a csod\u00e1latos pizz\u00e1kat \u00e9s egy\u00e9b t\u00e9szta\u00e9teleket az utols\u00f3 \u00e9tkez\u00e9sekkor m\u00e1r a tiramisuk is elkezdhttek rettegni.<\/p>\n<p>Rem\u00e9lj\u00fck a k\u00f6vetkez\u0151 bajnoks\u00e1gon eredm\u00e9nyesebben \u00e9s t\u00f6bben vesz\u00fcnk majd r\u00e9szt. K\u00f6sz\u00f6nj\u00fck a versenyz\u0151knek a versenyt \u00e9s a felk\u00e9sz\u00fcl\u00e9st.<\/p>\n<p>K\u00e9pek hamarosan&#8230;.<\/p>\n<p>&nbsp;<\/p>\n","protected":false},"excerpt":{"rendered":"<p>A szeptember 22. 23.-i h\u00e9tv\u00e9g\u00e9n a JKS Magyarorsz\u00e1g kis v\u00e1logatott csoportja Torin\u00f3ba (Olaszo.) utazott az idei JKS Eur\u00f3pabajnoks\u00e1ga \u00e9s Kanayama Kosho Sensei szemin\u00e1rium\u00e1ra. Az utaz\u00e1s mind oda, mind vissza 12-12 \u00f3ra volt a sz\u00e9p \u0151szi Szlov\u00e9ni\u00e1n \u00e9s \u00c9szak-Olaszorsz\u00e1gon kereszt\u00fcl, \u00edgy kell\u0151en \u00e9s kellemesen elf\u00e1radtan \u00e9rkezt\u00fcnk meg mind oda, mind vissza. Aut\u00f3z\u00e1sunkat nem k\u00f6nny\u00edtette meg egy &hellip; <a href=\"https:\/\/www.jks.hu\/?p=479\" class=\"more-link\"><span class=\"screen-reader-text\">JKS Eur\u00f3pabajnoks\u00e1g besz\u00e1mol\u00f3 2012<\/span> b\u0151vebben&#8230; <span class=\"meta-nav\">&rarr;<\/span><\/a><\/p>\n","protected":false},"author":1,"featured_media":480,"comment_status":"closed","ping_status":"closed","sticky":false,"template":"","format":"standard","meta":{"footnotes":""},"categories":[1],"tags":[],"class_list":["post-479","post","type-post","status-publish","format-standard","has-post-thumbnail","hentry","category-nincs-kategorizalva"],"_links":{"self":[{"href":"https:\/\/www.jks.hu\/index.php?rest_route=\/wp\/v2\/posts\/479","targetHints":{"allow":["GET"]}}],"collection":[{"href":"https:\/\/www.jks.hu\/index.php?rest_route=\/wp\/v2\/posts"}],"about":[{"href":"https:\/\/www.jks.hu\/index.php?rest_route=\/wp\/v2\/types\/post"}],"author":[{"embeddable":true,"href":"https:\/\/www.jks.hu\/index.php?rest_route=\/wp\/v2\/users\/1"}],"replies":[{"embeddable":true,"href":"https:\/\/www.jks.hu\/index.php?rest_route=%2Fwp%2Fv2%2Fcomments&post=479"}],"version-history":[{"count":3,"href":"https:\/\/www.jks.hu\/index.php?rest_route=\/wp\/v2\/posts\/479\/revisions"}],"predecessor-version":[{"id":532,"href":"https:\/\/www.jks.hu\/index.php?rest_route=\/wp\/v2\/posts\/479\/revisions\/532"}],"wp:featuredmedia":[{"embeddable":true,"href":"https:\/\/www.jks.hu\/index.php?rest_route=\/wp\/v2\/media\/480"}],"wp:attachment":[{"href":"https:\/\/www.jks.hu\/index.php?rest_route=%2Fwp%2Fv2%2Fmedia&parent=479"}],"wp:term":[{"taxonomy":"category","embeddable":true,"href":"https:\/\/www.jks.hu\/index.php?rest_route=%2Fwp%2Fv2%2Fcategories&post=479"},{"taxonomy":"post_tag","embeddable":true,"href":"https:\/\/www.jks.hu\/index.php?rest_route=%2Fwp%2Fv2%2Ftags&post=479"}],"curies":[{"name":"wp","href":"https:\/\/api.w.org\/{rel}","templated":true}]}}