{"id":471,"date":"2012-09-18T13:38:40","date_gmt":"2012-09-18T13:38:40","guid":{"rendered":"http:\/\/www.jks.hu\/?p=471"},"modified":"2012-09-18T13:39:53","modified_gmt":"2012-09-18T13:39:53","slug":"edzesek-uj-helyszinen-ismet-a-belvarosban","status":"publish","type":"post","link":"https:\/\/www.jks.hu\/?p=471","title":{"rendered":"Edz\u00e9sek \u00faj helysz\u00ednen, ism\u00e9t a Belv\u00e1rosban"},"content":{"rendered":"<p>2012. okt\u00f3ber 4.-\u00e9n cs\u00fct\u00f6rt\u00f6k\u00f6n kezdj\u00fck meg \u00faj helysz\u00ednen \u00a0kezd\u0151 edz\u00e9seinket \u00e1ltal\u00e1nos iskol\u00e1sok sz\u00e1m\u00e1ra. Az \u00faj &#8222;gyerekdoj\u00f3&#8221; munk\u00e1j\u00e1nak helysz\u00edne a V\u00e1ci Utcai \u00c9nek-Zene \u00c1ltal\u00e1nos (\u00d6ko)Iskola -Budapest V. V\u00e1ci utca 43.-. Az edz\u00e9sek h\u00e9tf\u0151nk\u00e9nt a &#8222;kistornateremben&#8221;, cs\u00fct\u00f6rt\u00f6k\u00f6nk\u00e9nt a&#8221; nagy tornatermben&#8221; ker\u00fclnek megrendez\u00e9sre a d\u00e9lut\u00e1ni tanul\u00f3foglalkoz\u00e1st k\u00f6vet\u0151en 16.00-17.00 \u00f3ra k\u00f6z\u00f6tt. Minden \u00e9rdekl\u0151d\u0151t v\u00e1runk szeretettel edz\u00e9seinken.<\/p>\n<p><a href=\"http:\/\/www.jks.hu\/wp-content\/uploads\/2012\/09\/epulet.jpg\" rel=\"lightbox[471]\"><img loading=\"lazy\" decoding=\"async\" class=\"aligncenter size-medium wp-image-472\" title=\"epulet\" src=\"http:\/\/www.jks.hu\/wp-content\/uploads\/2012\/09\/epulet-300x225.jpg\" alt=\"\" width=\"300\" height=\"225\" srcset=\"https:\/\/www.jks.hu\/wp-content\/uploads\/2012\/09\/epulet-300x225.jpg 300w, https:\/\/www.jks.hu\/wp-content\/uploads\/2012\/09\/epulet.jpg 400w\" sizes=\"auto, (max-width: 300px) 100vw, 300px\" \/><\/a><\/p>\n","protected":false},"excerpt":{"rendered":"<p>2012. okt\u00f3ber 4.-\u00e9n cs\u00fct\u00f6rt\u00f6k\u00f6n kezdj\u00fck meg \u00faj helysz\u00ednen \u00a0kezd\u0151 edz\u00e9seinket \u00e1ltal\u00e1nos iskol\u00e1sok sz\u00e1m\u00e1ra. Az \u00faj &#8222;gyerekdoj\u00f3&#8221; munk\u00e1j\u00e1nak helysz\u00edne a V\u00e1ci Utcai \u00c9nek-Zene \u00c1ltal\u00e1nos (\u00d6ko)Iskola -Budapest V. V\u00e1ci utca 43.-. Az edz\u00e9sek h\u00e9tf\u0151nk\u00e9nt a &#8222;kistornateremben&#8221;, cs\u00fct\u00f6rt\u00f6k\u00f6nk\u00e9nt a&#8221; nagy tornatermben&#8221; ker\u00fclnek megrendez\u00e9sre a d\u00e9lut\u00e1ni tanul\u00f3foglalkoz\u00e1st k\u00f6vet\u0151en 16.00-17.00 \u00f3ra k\u00f6z\u00f6tt. Minden \u00e9rdekl\u0151d\u0151t v\u00e1runk szeretettel edz\u00e9seinken.<\/p>\n","protected":false},"author":1,"featured_media":0,"comment_status":"closed","ping_status":"closed","sticky":false,"template":"","format":"standard","meta":{"footnotes":""},"categories":[1],"tags":[],"class_list":["post-471","post","type-post","status-publish","format-standard","hentry","category-nincs-kategorizalva"],"_links":{"self":[{"href":"https:\/\/www.jks.hu\/index.php?rest_route=\/wp\/v2\/posts\/471","targetHints":{"allow":["GET"]}}],"collection":[{"href":"https:\/\/www.jks.hu\/index.php?rest_route=\/wp\/v2\/posts"}],"about":[{"href":"https:\/\/www.jks.hu\/index.php?rest_route=\/wp\/v2\/types\/post"}],"author":[{"embeddable":true,"href":"https:\/\/www.jks.hu\/index.php?rest_route=\/wp\/v2\/users\/1"}],"replies":[{"embeddable":true,"href":"https:\/\/www.jks.hu\/index.php?rest_route=%2Fwp%2Fv2%2Fcomments&post=471"}],"version-history":[{"count":5,"href":"https:\/\/www.jks.hu\/index.php?rest_route=\/wp\/v2\/posts\/471\/revisions"}],"predecessor-version":[{"id":477,"href":"https:\/\/www.jks.hu\/index.php?rest_route=\/wp\/v2\/posts\/471\/revisions\/477"}],"wp:attachment":[{"href":"https:\/\/www.jks.hu\/index.php?rest_route=%2Fwp%2Fv2%2Fmedia&parent=471"}],"wp:term":[{"taxonomy":"category","embeddable":true,"href":"https:\/\/www.jks.hu\/index.php?rest_route=%2Fwp%2Fv2%2Fcategories&post=471"},{"taxonomy":"post_tag","embeddable":true,"href":"https:\/\/www.jks.hu\/index.php?rest_route=%2Fwp%2Fv2%2Ftags&post=471"}],"curies":[{"name":"wp","href":"https:\/\/api.w.org\/{rel}","templated":true}]}}