{"id":1031,"date":"2018-03-22T09:52:12","date_gmt":"2018-03-22T09:52:12","guid":{"rendered":"http:\/\/www.jks.hu\/?p=1031"},"modified":"2018-03-22T11:01:53","modified_gmt":"2018-03-22T11:01:53","slug":"jks-vb-2018-elmarad","status":"publish","type":"post","link":"https:\/\/www.jks.hu\/?p=1031","title":{"rendered":"JKS VB 2018 &#8211; Elmarad!"},"content":{"rendered":"<p>Kanada visszal\u00e9p\u00e9se miatt az idei Montrealba tervezett JKS Vil\u00e1gbajnoks\u00e1g elmarad! Sajnos az id\u0151 r\u00f6vids\u00e9ge \u00e9s a napt\u00e1rak tel\u00edtetts\u00e9ge miatt \u00faj szervez\u00e9sre jelentkez\u0151 elfogad\u00e1s\u00e1ra nem volt m\u00f3d. K\u00f6sz\u00f6nj\u00fck a meg\u00e9rt\u00e9seteket.<\/p>\n<p>A felk\u00e9sz\u00fcl\u00e9st azonban ne szak\u00edtsa meg senki&#8230;.j\u00f6v\u0151re EB \u00a0\u00e9s ha minden j\u00f3l megy sor ker\u00fcl az I. JKS OB-re is. Hajr\u00e1!<\/p>\n","protected":false},"excerpt":{"rendered":"<p>Kanada visszal\u00e9p\u00e9se miatt az idei Montrealba tervezett JKS Vil\u00e1gbajnoks\u00e1g elmarad! Sajnos az id\u0151 r\u00f6vids\u00e9ge \u00e9s a napt\u00e1rak tel\u00edtetts\u00e9ge miatt \u00faj szervez\u00e9sre jelentkez\u0151 elfogad\u00e1s\u00e1ra nem volt m\u00f3d. K\u00f6sz\u00f6nj\u00fck a meg\u00e9rt\u00e9seteket. A felk\u00e9sz\u00fcl\u00e9st azonban ne szak\u00edtsa meg senki&#8230;.j\u00f6v\u0151re EB \u00a0\u00e9s ha minden j\u00f3l megy sor ker\u00fcl az I. JKS OB-re is. Hajr\u00e1!<\/p>\n","protected":false},"author":1,"featured_media":1032,"comment_status":"closed","ping_status":"closed","sticky":false,"template":"","format":"standard","meta":{"footnotes":""},"categories":[1],"tags":[],"class_list":["post-1031","post","type-post","status-publish","format-standard","has-post-thumbnail","hentry","category-nincs-kategorizalva"],"_links":{"self":[{"href":"https:\/\/www.jks.hu\/index.php?rest_route=\/wp\/v2\/posts\/1031","targetHints":{"allow":["GET"]}}],"collection":[{"href":"https:\/\/www.jks.hu\/index.php?rest_route=\/wp\/v2\/posts"}],"about":[{"href":"https:\/\/www.jks.hu\/index.php?rest_route=\/wp\/v2\/types\/post"}],"author":[{"embeddable":true,"href":"https:\/\/www.jks.hu\/index.php?rest_route=\/wp\/v2\/users\/1"}],"replies":[{"embeddable":true,"href":"https:\/\/www.jks.hu\/index.php?rest_route=%2Fwp%2Fv2%2Fcomments&post=1031"}],"version-history":[{"count":2,"href":"https:\/\/www.jks.hu\/index.php?rest_route=\/wp\/v2\/posts\/1031\/revisions"}],"predecessor-version":[{"id":1034,"href":"https:\/\/www.jks.hu\/index.php?rest_route=\/wp\/v2\/posts\/1031\/revisions\/1034"}],"wp:featuredmedia":[{"embeddable":true,"href":"https:\/\/www.jks.hu\/index.php?rest_route=\/wp\/v2\/media\/1032"}],"wp:attachment":[{"href":"https:\/\/www.jks.hu\/index.php?rest_route=%2Fwp%2Fv2%2Fmedia&parent=1031"}],"wp:term":[{"taxonomy":"category","embeddable":true,"href":"https:\/\/www.jks.hu\/index.php?rest_route=%2Fwp%2Fv2%2Fcategories&post=1031"},{"taxonomy":"post_tag","embeddable":true,"href":"https:\/\/www.jks.hu\/index.php?rest_route=%2Fwp%2Fv2%2Ftags&post=1031"}],"curies":[{"name":"wp","href":"https:\/\/api.w.org\/{rel}","templated":true}]}}